{"id":74802,"date":"2023-12-06T17:10:18","date_gmt":"2023-12-06T16:10:18","guid":{"rendered":"https:\/\/www.buchinger-wilhelmi.com\/medizinischer-kongress-marbella\/"},"modified":"2023-12-18T16:18:07","modified_gmt":"2023-12-18T15:18:07","slug":"medical-congress-marbella","status":"publish","type":"post","link":"https:\/\/www.buchinger-wilhelmi.com\/en\/medical-congress-marbella\/","title":{"rendered":"Medical Congress in Marbella"},"content":{"rendered":"<div class=\"wpb-content-wrapper\">[vc_row][vc_column]<div class=\"norebro-text-sc \" \n\tid=\"norebro-custom-69f5db8108316\" \n\t \n\t>\n\n\t<p>MEDICAL CONGRESS IN MARBELLA<\/p>\n\t\n<\/div>[vc_empty_space height=&#8221;12px&#8221;]<div class=\"norebro-heading-sc heading text-left\"\n\tid=\"norebro-custom-69f5db8108367\" \n\t \n\t>\n\t\n\t\n\t\n\t<h2 class=\"title\">\n\t\tFasting as an efficient non-pharmacological approach to healthy longevity\t<\/h2>\n\n\t\n\t\t\t<p class=\"subtitle\">\n\t\t\t\t\t<\/p>\n\t\t\n<\/div>[vc_empty_space height=&#8221;24px&#8221;]<div class=\"norebro-text-sc \" \n\tid=\"norebro-custom-69f5db8108394\" \n\t \n\t>\n\n\t<p>The Buchinger Wilhelmi Clinic Marbella organised a medical congress in October as part of the 50<sup>th<\/sup> anniversary activities in 2023. The pursuit of a long and healthy life is a universal desire. In this congress, experts dived into the fundamental non-pharmacological aspects of our lives that influence healthy longevity.<\/p>\n\t\n<\/div>[\/vc_column][\/vc_row][vc_row][vc_column][vc_empty_space][vc_column_text]\n\n[\/vc_column_text][vc_empty_space][vc_empty_space][vc_column_text]\n<h3><span lang=\"EN-GB\">Major scientific discoveries made by the Buchinger Wilhelmi scientific team<\/span><\/h3>\n[\/vc_column_text][vc_empty_space height=&#8221;24px&#8221;][\/vc_column][\/vc_row][vc_row][vc_column width=&#8221;2\/3&#8243;][vc_column_text]The day started with a presentation of the discoveries made by our scientific team. The Buchinger Wilhelmi clinics have now become one of the largest instituions for clinical research on fasting worldwide.<\/p>\n<p>Dr. Fran\u00e7oise Wilhelmi de Toledo, our <a href=\"\/?page_id=19358\" target=\"_blank\" rel=\"noopener\">medical scientific<\/a> director, shed light on the body&#8217;s remarkable ability to transition between different sources of energy when food is not available, utilizing stored fats during fasting. Our body&#8217;s mechanism can be compared to that of a hybrid car, with genetic programs to safely switch from the energy extracted from food to the energy stored in our body. This provides a foundation for personalized health strategies, unlocking potential avenues for optimizing well-being and harnessing the body&#8217;s innate resilience.<\/p>\n<p>Dr. Franziska Grundler and Dr. Robin Mesnage summarised major scientific discoveries in our research program, with all publications now freely available in open access on scientific databases <a href=\"https:\/\/www.buchinger-wilhelmi.com\/en\/publications-of-the-buchinger-wilhelmi-clinics\/\" target=\"_blank\" rel=\"noopener\">(to our publications).<\/a>[\/vc_column_text][vc_empty_space][\/vc_column][vc_column width=&#8221;1\/3&#8243;][vc_single_image image=&#8221;74214&#8243; img_size=&#8221;full&#8221;][vc_empty_space height=&#8221;12px&#8221;][vc_column_text]\n<p style=\"text-align: center;\"><span style=\"font-size: 12px;\">Dr. Robin Mesnage<\/span><\/p>\n[\/vc_column_text][vc_empty_space][\/vc_column][\/vc_row][vc_row][vc_column][vc_empty_space][vc_empty_space][\/vc_column][\/vc_row][vc_row css=&#8221;.vc_custom_1701860887205{padding-top: 30px !important;padding-right: 30px !important;padding-bottom: 30px !important;padding-left: 30px !important;background-color: #ecebe5 !important;}&#8221;][vc_column][vc_empty_space][vc_column_text]\n<h3><span lang=\"EN-GB\">Personalized fasting regimens as potential treatments for diseases<\/span><\/h3>\n<p>The scientific speech was followed by a presentation from Dr. Younes Regragui, the of the Marbella\u2019s clinic, who along with his dedicated team Ulla H\u00f6hn, Luz C\u00f2zar, Facundo Diamante and Irene Urdiales, showed how modern scientific knowledge can be integrated for the creation of personalized fasting regimens as potential treatments for diseases such as diabetes. The comprehensive approach adopted by the team encompassed not only nutritional considerations but also delved into the realms of sleep, psychology, and exercise. Our medical concept is evolving, and we are now considering 6 pillars of health.<\/p>\n<p>A compelling case study shared during the session highlighted the transformative impact of this integrative approach. A diabetic patient with severe depression symptoms fasted several times at the Buchinger Wilhelmi Clinic Marbella. During each of his 3 stays he could achieve significant enhancements in glucose regulation, reduced is fatty liver disease, achieved sustainable weight management, and improved his well- and overcome his depression.[\/vc_column_text][vc_empty_space][\/vc_column][\/vc_row][vc_row][vc_column][vc_empty_space][vc_empty_space][vc_empty_space][vc_column_text]\n<h3><span lang=\"EN-GB\">Spontaneous fasting in wild animals<\/span><\/h3>\n[\/vc_column_text][\/vc_column][\/vc_row][vc_row][vc_column width=&#8221;1\/2&#8243;][vc_empty_space height=&#8221;24px&#8221;][vc_column_text]We also had the pleasure of listening to Dr. Yvon Le Maho who talked about spontaneous fasting in wild animals, while in the middle of a fast himself. Dr. Yvon Le Maho highlighted that almost every animal is naturally fasting intermittently in the wild.<\/p>\n<p>Fasting is an adaptation to natural rhythms: the alternance of day and night and the alternance of seasons. Evolution has equipped our cells with mechanisms to optimise the function of our body during these periods of fasting.<\/p>\n<p>Every mammal is equipped with protein sparing mechanisms so that they burn safely fat during fasting, while preserving their muscles. These safety mechanisms can be activated by physical activity, which suggests that maintaining physical activity is important during fasting.[\/vc_column_text][vc_empty_space height=&#8221;16px&#8221;][\/vc_column][vc_column width=&#8221;1\/2&#8243;][vc_empty_space][vc_single_image image=&#8221;74239&#8243; img_size=&#8221;full&#8221;][vc_empty_space][\/vc_column][\/vc_row][vc_row][vc_column][vc_column_text]The importance of physical activity was confirmed by Dr. Mar\u00eda Jes\u00fas N\u00fa\u00f1ez who delved into the integral role of physical exercise in maintaining overall well-being. Her insights underscored the profound impact that regular exercise can have not only on physical health but also on mental and emotional stability.[\/vc_column_text][vc_empty_space][vc_empty_space height=&#8221;62px&#8221;][vc_column_text]\n<h3><span lang=\"EN-GB\">Gut microbiota health, mental well-being and sleep quality<\/span><\/h3>\n<p>We were honoured to host Xevi Verdaguer at the Buchinger Wilhelmi Clinic, where he delivered an enlightening talk connecting gut microbiota health with mental well-being and sleep quality during fasting. Verdaguer&#8217;s expertise shed light on the intricate relationship between our gut and overall health. His insights provided a valuable perspective for our attendees, offering a deeper understanding of how lifestyle choices, particularly fasting, can influence not only physical health but also contribute to mental resilience and improved sleep.[\/vc_column_text][vc_empty_space][\/vc_column][\/vc_row][vc_row][vc_column][vc_column_text]\n<h4>Three simple sets of recommendations to cherish our gut and our brains<\/h4>\n[\/vc_column_text][vc_empty_space]<div class=\"norebro-icon-box-sc icon-box box-left\" \n\tid=\"norebro-custom-69f5db81083d4\" \n\t \n\t>\n\n\t<div class=\"icon-wrap\">\n\t\t\t\t\t<span class=\"linea-ecommerce-cart-content\"><\/span>\n\t\t\t<\/div>\n\n\t<div class=\"content-wrap\">\n\n\t\t<div class=\"content-center\">\n\t\t\t<div class=\"wrap\">\n\t\t\t\t<h3><\/h3>\n\t\t\t\t\t\t\t\t\t<p class=\"subtitle\">\n\t\t\t\t\t\tIncorporate Probiotics into Your Diet\t\t\t\t\t<\/p>\n\t\t\t\t\t\t\t<\/div>\n\t\t<\/div>\n\t\t\n\t\t\n\t\t<p class=\"description\">\n\t\t\tEnhance your gut microbiota health by including probiotic-rich foods in your daily diet. Yogurt, kefir, sauerkraut, and kimchi are excellent sources of beneficial bacteria that promote a balanced gut environment. These probiotics can positively impact not only your digestive health but also contribute to improved mood and cognitive function.\t\t<\/p>\n\n\t\t\n\t\t<\/div>\n\t\t\n<\/div>[vc_empty_space height=&#8221;24px&#8221;]<div class=\"norebro-icon-box-sc icon-box box-left\" \n\tid=\"norebro-custom-69f5db810842d\" \n\t \n\t>\n\n\t<div class=\"icon-wrap\">\n\t\t\t\t\t<span class=\"linea-basic-clessidre\"><\/span>\n\t\t\t<\/div>\n\n\t<div class=\"content-wrap\">\n\n\t\t<div class=\"content-center\">\n\t\t\t<div class=\"wrap\">\n\t\t\t\t<h3><\/h3>\n\t\t\t\t\t\t\t\t\t<p class=\"subtitle\">\n\t\t\t\t\t\tPractice Mindful Eating\t\t\t\t\t<\/p>\n\t\t\t\t\t\t\t<\/div>\n\t\t<\/div>\n\t\t\n\t\t\n\t\t<p class=\"description\">\n\t\t\tCultivate a mindful approach to eating by paying attention to your meals and savoring each bite. Mindful eating not only aids in better digestion but also helps manage stress, a key factor in mental health. Take the time to enjoy your meals without distractions, and be attuned to your body's hunger and fullness cues. This practice can foster a healthier relationship with food and contribute to overall well-being.\t\t<\/p>\n\n\t\t\n\t\t<\/div>\n\t\t\n<\/div>[vc_empty_space height=&#8221;24px&#8221;]<div class=\"norebro-icon-box-sc icon-box box-left\" \n\tid=\"norebro-custom-69f5db8108449\" \n\t \n\t>\n\n\t<div class=\"icon-wrap\">\n\t\t\t\t\t<span class=\"linea-weather-moon\"><\/span>\n\t\t\t<\/div>\n\n\t<div class=\"content-wrap\">\n\n\t\t<div class=\"content-center\">\n\t\t\t<div class=\"wrap\">\n\t\t\t\t<h3><\/h3>\n\t\t\t\t\t\t\t\t\t<p class=\"subtitle\">\n\t\t\t\t\t\tEstablish a Consistent Sleep Routine\t\t\t\t\t<\/p>\n\t\t\t\t\t\t\t<\/div>\n\t\t<\/div>\n\t\t\n\t\t\n\t\t<p class=\"description\">\n\t\t\tPrioritize quality sleep by establishing a consistent sleep routine. Aim for 7-9 hours of sleep each night and create a calming bedtime ritual to signal to your body that it's time to wind down. Adequate and restful sleep is crucial for mental resilience and emotional well-being. Consider minimizing screen time before bedtime, creating a comfortable sleep environment, and practicing relaxation techniques such as deep breathing to improve the quality of your sleep.\t\t<\/p>\n\n\t\t\n\t\t<\/div>\n\t\t\n<\/div>[vc_empty_space]<div class=\"norebro-button-sc btn-wrap text-center\" \n\tid=\"norebro-custom-69f5db8108474\"\n\t \n\t>\n\n\t<a href=\"https:\/\/www.buchinger-wilhelmi.com\/en\/fasting-and-sleep\/\" target=\"_blank\" \n\t\tclass=\"btn  btn-outline btn-small\">\n\n\t\t\n\t\t<span class=\"text\">\n\t\t\tMore about fasting & sleep\t\t<\/span>\n\n\t\t\n\t\t\t<\/a>\n\n<\/div>[vc_empty_space][\/vc_column][\/vc_row][vc_row][vc_column][vc_empty_space][vc_empty_space][vc_column_text]\n<h3><span lang=\"EN-GB\">Thousands of toxic chemicals in our daily lives<\/span><\/h3>\n<p>In a thought-provoking address, Pilar Mu\u00f1oz Calero shed light on the crucial connection between our environment and our health during the recent clinic event.<\/p>\n<p>Dr. Mu\u00f1oz emphasized the symbiotic relationship between our bodies and the environment, underscoring how the well-being of one is intricately linked to the health of the other. Her insights brought attention to the pervasive presence of thousands of toxic chemicals in our daily lives, originating from sources such as the food we consume, the water we drink, and the air we breathe.<\/p>\n<p>This revelation underscores the pressing need to conscientiously minimize our exposure to these harmful substances. Dr. Mu\u00f1oz advocated for simple yet effective lifestyle changes, urging individuals to reduce their reliance on plastics, opt for natural cosmetics, and choose eco-friendly cleaning products. Importantly, she highlighted the environmental impact of pharmaceuticals, emphasizing the need to explore non-pharmacological alternatives like fasting before resorting to medications. The reminder that the use of medications can have far-reaching consequences on our ecosystems, particularly when they find their way into rivers or oceans, serves as a call to action for both healthcare providers and patients alike.[\/vc_column_text][vc_empty_space][vc_empty_space][\/vc_column][\/vc_row][vc_row css=&#8221;.vc_custom_1701862525444{border-bottom-width: 30px !important;padding-top: 30px !important;padding-right: 30px !important;padding-bottom: 30px !important;padding-left: 30px !important;background-color: #ecebe5 !important;}&#8221;][vc_column][vc_empty_space][vc_column_text]\n<h3>The 6 pillars of health &#8211; Conclusion<\/h3>\n[\/vc_column_text][vc_empty_space][vc_row_inner][vc_column_inner width=&#8221;1\/2&#8243;][vc_column_text]Finally, the following six pillars of health were discussed as efficient non-pharmacological approaches for a healthy, long life:<\/p>\n<p>&nbsp;<\/p>\n<ol>\n<li>nutrition<\/li>\n<li>fasting<\/li>\n<li>emotional balance<\/li>\n<li>physical activity<\/li>\n<li>environmental quality<\/li>\n<li>sleep<\/li>\n<\/ol>\n[\/vc_column_text][vc_empty_space]<div class=\"norebro-button-sc btn-wrap text-left\" \n\tid=\"norebro-custom-69f5db810849c\"\n\t \n\t>\n\n\t<a href=\"https:\/\/www.buchinger-wilhelmi.com\/en\/wissenschaft\/\" target=\"_blank\" \n\t\tclass=\"btn  btn-outline btn-small\">\n\n\t\t\n\t\t<span class=\"text\">\n\t\t\tMore about science\t\t<\/span>\n\n\t\t\n\t\t\t<\/a>\n\n<\/div>[vc_empty_space][\/vc_column_inner][vc_column_inner width=&#8221;1\/2&#8243;][vc_column_text]In conclusion, the congress explained how six pillars of health are efficient non-pharmacological approaches to healthy longevity. The diverse insights underscored the clinic&#8217;s commitment to advancing scientific knowledge and integrating a comprehensive understanding of health, providing valuable takeaways for our attendees keen on optimizing their well-being.[\/vc_column_text][vc_empty_space][vc_video link=&#8221;https:\/\/www.youtube.com\/watch?v=425xgDGP0rs&#8221; align=&#8221;center&#8221;][vc_empty_space][\/vc_column_inner][\/vc_row_inner][vc_empty_space][\/vc_column][\/vc_row][vc_row][vc_column][vc_empty_space][vc_empty_space][\/vc_column][\/vc_row]\n<\/div>","protected":false},"excerpt":{"rendered":"<p>The Buchinger Wilhelmi Clinic Marbella organised a medical congress  in October as part of the 50th anniversary activities in 2023.<\/p>\n","protected":false},"author":30,"featured_media":74201,"comment_status":"closed","ping_status":"closed","sticky":false,"template":"","format":"standard","meta":{"_acf_changed":false,"_custom_body_class":"","_custom_post_class":"","_searchwp_excluded":"","inline_featured_image":false,"footnotes":""},"categories":[77],"tags":[],"class_list":["post-74802","post","type-post","status-publish","format-standard","has-post-thumbnail","hentry","category-news"],"acf":[],"yoast_head":"<!-- This site is optimized with the Yoast SEO plugin v23.8 - https:\/\/yoast.com\/wordpress\/plugins\/seo\/ -->\n<title>Medical Congress in Marbella - BUCHINGER WILHELMI<\/title>\n<meta name=\"description\" content=\"The Buchinger Wilhelmi Clinic Marbella organised a medical congress in October as part of the 50th anniversary activities in 2023.\" \/>\n<meta name=\"robots\" content=\"index, follow, max-snippet:-1, max-image-preview:large, max-video-preview:-1\" \/>\n<link rel=\"canonical\" href=\"https:\/\/www.buchinger-wilhelmi.com\/en\/medical-congress-marbella\/\" \/>\n<meta property=\"og:locale\" content=\"en_US\" \/>\n<meta property=\"og:type\" content=\"article\" \/>\n<meta property=\"og:title\" content=\"Medical Congress in Marbella - BUCHINGER WILHELMI\" \/>\n<meta property=\"og:description\" content=\"The Buchinger Wilhelmi Clinic Marbella organised a medical congress in October as part of the 50th anniversary activities in 2023.\" \/>\n<meta property=\"og:url\" content=\"https:\/\/www.buchinger-wilhelmi.com\/en\/medical-congress-marbella\/\" \/>\n<meta property=\"article:publisher\" content=\"https:\/\/www.facebook.com\/BuchingerWilhelmiMarbella\/\" \/>\n<meta property=\"article:published_time\" content=\"2023-12-06T16:10:18+00:00\" \/>\n<meta property=\"article:modified_time\" content=\"2023-12-18T15:18:07+00:00\" \/>\n<meta property=\"og:image\" content=\"https:\/\/www.buchinger-wilhelmi.com\/wp-content\/uploads\/2023\/12\/CongresoMedicoBuchinger_2023-10-21Med-6142-e1701866949391.jpg\" \/>\n\t<meta property=\"og:image:width\" content=\"1620\" \/>\n\t<meta property=\"og:image:height\" content=\"1080\" \/>\n\t<meta property=\"og:image:type\" content=\"image\/jpeg\" \/>\n<meta name=\"author\" content=\"Barbara Philipps\" \/>\n<meta name=\"twitter:card\" content=\"summary_large_image\" \/>\n<meta name=\"twitter:label1\" content=\"Written by\" \/>\n\t<meta name=\"twitter:data1\" content=\"Barbara Philipps\" \/>\n\t<meta name=\"twitter:label2\" content=\"Est. reading time\" \/>\n\t<meta name=\"twitter:data2\" content=\"7 minutes\" \/>\n<script type=\"application\/ld+json\" class=\"yoast-schema-graph\">{\"@context\":\"https:\/\/schema.org\",\"@graph\":[{\"@type\":\"Article\",\"@id\":\"https:\/\/www.buchinger-wilhelmi.com\/en\/medical-congress-marbella\/#article\",\"isPartOf\":{\"@id\":\"https:\/\/www.buchinger-wilhelmi.com\/en\/medical-congress-marbella\/\"},\"author\":{\"name\":\"Barbara Philipps\",\"@id\":\"https:\/\/www.buchinger-wilhelmi.com\/en\/#\/schema\/person\/7a939850a619fa6f7562beac18cbf295\"},\"headline\":\"Medical Congress in Marbella\",\"datePublished\":\"2023-12-06T16:10:18+00:00\",\"dateModified\":\"2023-12-18T15:18:07+00:00\",\"mainEntityOfPage\":{\"@id\":\"https:\/\/www.buchinger-wilhelmi.com\/en\/medical-congress-marbella\/\"},\"wordCount\":1741,\"publisher\":{\"@id\":\"https:\/\/www.buchinger-wilhelmi.com\/en\/#organization\"},\"image\":{\"@id\":\"https:\/\/www.buchinger-wilhelmi.com\/en\/medical-congress-marbella\/#primaryimage\"},\"thumbnailUrl\":\"https:\/\/www.buchinger-wilhelmi.com\/wp-content\/uploads\/2023\/12\/CongresoMedicoBuchinger_2023-10-21Med-6142-e1701866949391.jpg\",\"articleSection\":[\"News\"],\"inLanguage\":\"en-US\"},{\"@type\":\"WebPage\",\"@id\":\"https:\/\/www.buchinger-wilhelmi.com\/en\/medical-congress-marbella\/\",\"url\":\"https:\/\/www.buchinger-wilhelmi.com\/en\/medical-congress-marbella\/\",\"name\":\"Medical Congress in Marbella - BUCHINGER WILHELMI\",\"isPartOf\":{\"@id\":\"https:\/\/www.buchinger-wilhelmi.com\/en\/#website\"},\"primaryImageOfPage\":{\"@id\":\"https:\/\/www.buchinger-wilhelmi.com\/en\/medical-congress-marbella\/#primaryimage\"},\"image\":{\"@id\":\"https:\/\/www.buchinger-wilhelmi.com\/en\/medical-congress-marbella\/#primaryimage\"},\"thumbnailUrl\":\"https:\/\/www.buchinger-wilhelmi.com\/wp-content\/uploads\/2023\/12\/CongresoMedicoBuchinger_2023-10-21Med-6142-e1701866949391.jpg\",\"datePublished\":\"2023-12-06T16:10:18+00:00\",\"dateModified\":\"2023-12-18T15:18:07+00:00\",\"description\":\"The Buchinger Wilhelmi Clinic Marbella organised a medical congress in October as part of the 50th anniversary activities in 2023.\",\"breadcrumb\":{\"@id\":\"https:\/\/www.buchinger-wilhelmi.com\/en\/medical-congress-marbella\/#breadcrumb\"},\"inLanguage\":\"en-US\",\"potentialAction\":[{\"@type\":\"ReadAction\",\"target\":[\"https:\/\/www.buchinger-wilhelmi.com\/en\/medical-congress-marbella\/\"]}]},{\"@type\":\"ImageObject\",\"inLanguage\":\"en-US\",\"@id\":\"https:\/\/www.buchinger-wilhelmi.com\/en\/medical-congress-marbella\/#primaryimage\",\"url\":\"https:\/\/www.buchinger-wilhelmi.com\/wp-content\/uploads\/2023\/12\/CongresoMedicoBuchinger_2023-10-21Med-6142-e1701866949391.jpg\",\"contentUrl\":\"https:\/\/www.buchinger-wilhelmi.com\/wp-content\/uploads\/2023\/12\/CongresoMedicoBuchinger_2023-10-21Med-6142-e1701866949391.jpg\",\"width\":1620,\"height\":1080},{\"@type\":\"BreadcrumbList\",\"@id\":\"https:\/\/www.buchinger-wilhelmi.com\/en\/medical-congress-marbella\/#breadcrumb\",\"itemListElement\":[{\"@type\":\"ListItem\",\"position\":1,\"name\":\"Startseite\",\"item\":\"https:\/\/www.buchinger-wilhelmi.com\/en\/\"},{\"@type\":\"ListItem\",\"position\":2,\"name\":\"Medical Congress in Marbella\"}]},{\"@type\":\"WebSite\",\"@id\":\"https:\/\/www.buchinger-wilhelmi.com\/en\/#website\",\"url\":\"https:\/\/www.buchinger-wilhelmi.com\/en\/\",\"name\":\"\",\"description\":\"\",\"publisher\":{\"@id\":\"https:\/\/www.buchinger-wilhelmi.com\/en\/#organization\"},\"potentialAction\":[{\"@type\":\"SearchAction\",\"target\":{\"@type\":\"EntryPoint\",\"urlTemplate\":\"https:\/\/www.buchinger-wilhelmi.com\/en\/?s={search_term_string}\"},\"query-input\":{\"@type\":\"PropertyValueSpecification\",\"valueRequired\":true,\"valueName\":\"search_term_string\"}}],\"inLanguage\":\"en-US\"},{\"@type\":\"Organization\",\"@id\":\"https:\/\/www.buchinger-wilhelmi.com\/en\/#organization\",\"name\":\"Buchinger Wilhelmi Holding GmbH & Co.KG\",\"url\":\"https:\/\/www.buchinger-wilhelmi.com\/en\/\",\"logo\":{\"@type\":\"ImageObject\",\"inLanguage\":\"en-US\",\"@id\":\"https:\/\/www.buchinger-wilhelmi.com\/en\/#\/schema\/logo\/image\/\",\"url\":\"https:\/\/www.buchinger-wilhelmi.com\/wp-content\/uploads\/2018\/04\/BW_Logo_black.png\",\"contentUrl\":\"https:\/\/www.buchinger-wilhelmi.com\/wp-content\/uploads\/2018\/04\/BW_Logo_black.png\",\"width\":303,\"height\":76,\"caption\":\"Buchinger Wilhelmi Holding GmbH & Co.KG\"},\"image\":{\"@id\":\"https:\/\/www.buchinger-wilhelmi.com\/en\/#\/schema\/logo\/image\/\"},\"sameAs\":[\"https:\/\/www.facebook.com\/BuchingerWilhelmiMarbella\/\",\"https:\/\/www.instagram.com\/buchingerwilhelmi\/\",\"https:\/\/www.linkedin.com\/company\/buchingerwilhelmi\/\",\"https:\/\/www.pinterest.de\/buchingerwilhelmi\/\",\"https:\/\/www.youtube.com\/channel\/UC6jETvWDCI_W-VVG2AjxOfw\"]},{\"@type\":\"Person\",\"@id\":\"https:\/\/www.buchinger-wilhelmi.com\/en\/#\/schema\/person\/7a939850a619fa6f7562beac18cbf295\",\"name\":\"Barbara Philipps\"}]}<\/script>\n<!-- \/ Yoast SEO plugin. -->","yoast_head_json":{"title":"Medical Congress in Marbella - BUCHINGER WILHELMI","description":"The Buchinger Wilhelmi Clinic Marbella organised a medical congress in October as part of the 50th anniversary activities in 2023.","robots":{"index":"index","follow":"follow","max-snippet":"max-snippet:-1","max-image-preview":"max-image-preview:large","max-video-preview":"max-video-preview:-1"},"canonical":"https:\/\/www.buchinger-wilhelmi.com\/en\/medical-congress-marbella\/","og_locale":"en_US","og_type":"article","og_title":"Medical Congress in Marbella - BUCHINGER WILHELMI","og_description":"The Buchinger Wilhelmi Clinic Marbella organised a medical congress in October as part of the 50th anniversary activities in 2023.","og_url":"https:\/\/www.buchinger-wilhelmi.com\/en\/medical-congress-marbella\/","article_publisher":"https:\/\/www.facebook.com\/BuchingerWilhelmiMarbella\/","article_published_time":"2023-12-06T16:10:18+00:00","article_modified_time":"2023-12-18T15:18:07+00:00","og_image":[{"width":1620,"height":1080,"url":"https:\/\/www.buchinger-wilhelmi.com\/wp-content\/uploads\/2023\/12\/CongresoMedicoBuchinger_2023-10-21Med-6142-e1701866949391.jpg","type":"image\/jpeg"}],"author":"Barbara Philipps","twitter_card":"summary_large_image","twitter_misc":{"Written by":"Barbara Philipps","Est. reading time":"7 minutes"},"schema":{"@context":"https:\/\/schema.org","@graph":[{"@type":"Article","@id":"https:\/\/www.buchinger-wilhelmi.com\/en\/medical-congress-marbella\/#article","isPartOf":{"@id":"https:\/\/www.buchinger-wilhelmi.com\/en\/medical-congress-marbella\/"},"author":{"name":"Barbara Philipps","@id":"https:\/\/www.buchinger-wilhelmi.com\/en\/#\/schema\/person\/7a939850a619fa6f7562beac18cbf295"},"headline":"Medical Congress in Marbella","datePublished":"2023-12-06T16:10:18+00:00","dateModified":"2023-12-18T15:18:07+00:00","mainEntityOfPage":{"@id":"https:\/\/www.buchinger-wilhelmi.com\/en\/medical-congress-marbella\/"},"wordCount":1741,"publisher":{"@id":"https:\/\/www.buchinger-wilhelmi.com\/en\/#organization"},"image":{"@id":"https:\/\/www.buchinger-wilhelmi.com\/en\/medical-congress-marbella\/#primaryimage"},"thumbnailUrl":"https:\/\/www.buchinger-wilhelmi.com\/wp-content\/uploads\/2023\/12\/CongresoMedicoBuchinger_2023-10-21Med-6142-e1701866949391.jpg","articleSection":["News"],"inLanguage":"en-US"},{"@type":"WebPage","@id":"https:\/\/www.buchinger-wilhelmi.com\/en\/medical-congress-marbella\/","url":"https:\/\/www.buchinger-wilhelmi.com\/en\/medical-congress-marbella\/","name":"Medical Congress in Marbella - BUCHINGER WILHELMI","isPartOf":{"@id":"https:\/\/www.buchinger-wilhelmi.com\/en\/#website"},"primaryImageOfPage":{"@id":"https:\/\/www.buchinger-wilhelmi.com\/en\/medical-congress-marbella\/#primaryimage"},"image":{"@id":"https:\/\/www.buchinger-wilhelmi.com\/en\/medical-congress-marbella\/#primaryimage"},"thumbnailUrl":"https:\/\/www.buchinger-wilhelmi.com\/wp-content\/uploads\/2023\/12\/CongresoMedicoBuchinger_2023-10-21Med-6142-e1701866949391.jpg","datePublished":"2023-12-06T16:10:18+00:00","dateModified":"2023-12-18T15:18:07+00:00","description":"The Buchinger Wilhelmi Clinic Marbella organised a medical congress in October as part of the 50th anniversary activities in 2023.","breadcrumb":{"@id":"https:\/\/www.buchinger-wilhelmi.com\/en\/medical-congress-marbella\/#breadcrumb"},"inLanguage":"en-US","potentialAction":[{"@type":"ReadAction","target":["https:\/\/www.buchinger-wilhelmi.com\/en\/medical-congress-marbella\/"]}]},{"@type":"ImageObject","inLanguage":"en-US","@id":"https:\/\/www.buchinger-wilhelmi.com\/en\/medical-congress-marbella\/#primaryimage","url":"https:\/\/www.buchinger-wilhelmi.com\/wp-content\/uploads\/2023\/12\/CongresoMedicoBuchinger_2023-10-21Med-6142-e1701866949391.jpg","contentUrl":"https:\/\/www.buchinger-wilhelmi.com\/wp-content\/uploads\/2023\/12\/CongresoMedicoBuchinger_2023-10-21Med-6142-e1701866949391.jpg","width":1620,"height":1080},{"@type":"BreadcrumbList","@id":"https:\/\/www.buchinger-wilhelmi.com\/en\/medical-congress-marbella\/#breadcrumb","itemListElement":[{"@type":"ListItem","position":1,"name":"Startseite","item":"https:\/\/www.buchinger-wilhelmi.com\/en\/"},{"@type":"ListItem","position":2,"name":"Medical Congress in Marbella"}]},{"@type":"WebSite","@id":"https:\/\/www.buchinger-wilhelmi.com\/en\/#website","url":"https:\/\/www.buchinger-wilhelmi.com\/en\/","name":"","description":"","publisher":{"@id":"https:\/\/www.buchinger-wilhelmi.com\/en\/#organization"},"potentialAction":[{"@type":"SearchAction","target":{"@type":"EntryPoint","urlTemplate":"https:\/\/www.buchinger-wilhelmi.com\/en\/?s={search_term_string}"},"query-input":{"@type":"PropertyValueSpecification","valueRequired":true,"valueName":"search_term_string"}}],"inLanguage":"en-US"},{"@type":"Organization","@id":"https:\/\/www.buchinger-wilhelmi.com\/en\/#organization","name":"Buchinger Wilhelmi Holding GmbH & Co.KG","url":"https:\/\/www.buchinger-wilhelmi.com\/en\/","logo":{"@type":"ImageObject","inLanguage":"en-US","@id":"https:\/\/www.buchinger-wilhelmi.com\/en\/#\/schema\/logo\/image\/","url":"https:\/\/www.buchinger-wilhelmi.com\/wp-content\/uploads\/2018\/04\/BW_Logo_black.png","contentUrl":"https:\/\/www.buchinger-wilhelmi.com\/wp-content\/uploads\/2018\/04\/BW_Logo_black.png","width":303,"height":76,"caption":"Buchinger Wilhelmi Holding GmbH & Co.KG"},"image":{"@id":"https:\/\/www.buchinger-wilhelmi.com\/en\/#\/schema\/logo\/image\/"},"sameAs":["https:\/\/www.facebook.com\/BuchingerWilhelmiMarbella\/","https:\/\/www.instagram.com\/buchingerwilhelmi\/","https:\/\/www.linkedin.com\/company\/buchingerwilhelmi\/","https:\/\/www.pinterest.de\/buchingerwilhelmi\/","https:\/\/www.youtube.com\/channel\/UC6jETvWDCI_W-VVG2AjxOfw"]},{"@type":"Person","@id":"https:\/\/www.buchinger-wilhelmi.com\/en\/#\/schema\/person\/7a939850a619fa6f7562beac18cbf295","name":"Barbara Philipps"}]}},"_links":{"self":[{"href":"https:\/\/www.buchinger-wilhelmi.com\/en\/wp-json\/wp\/v2\/posts\/74802"}],"collection":[{"href":"https:\/\/www.buchinger-wilhelmi.com\/en\/wp-json\/wp\/v2\/posts"}],"about":[{"href":"https:\/\/www.buchinger-wilhelmi.com\/en\/wp-json\/wp\/v2\/types\/post"}],"author":[{"embeddable":true,"href":"https:\/\/www.buchinger-wilhelmi.com\/en\/wp-json\/wp\/v2\/users\/30"}],"replies":[{"embeddable":true,"href":"https:\/\/www.buchinger-wilhelmi.com\/en\/wp-json\/wp\/v2\/comments?post=74802"}],"version-history":[{"count":9,"href":"https:\/\/www.buchinger-wilhelmi.com\/en\/wp-json\/wp\/v2\/posts\/74802\/revisions"}],"predecessor-version":[{"id":75369,"href":"https:\/\/www.buchinger-wilhelmi.com\/en\/wp-json\/wp\/v2\/posts\/74802\/revisions\/75369"}],"wp:featuredmedia":[{"embeddable":true,"href":"https:\/\/www.buchinger-wilhelmi.com\/en\/wp-json\/wp\/v2\/media\/74201"}],"wp:attachment":[{"href":"https:\/\/www.buchinger-wilhelmi.com\/en\/wp-json\/wp\/v2\/media?parent=74802"}],"wp:term":[{"taxonomy":"category","embeddable":true,"href":"https:\/\/www.buchinger-wilhelmi.com\/en\/wp-json\/wp\/v2\/categories?post=74802"},{"taxonomy":"post_tag","embeddable":true,"href":"https:\/\/www.buchinger-wilhelmi.com\/en\/wp-json\/wp\/v2\/tags?post=74802"}],"curies":[{"name":"wp","href":"https:\/\/api.w.org\/{rel}","templated":true}]}}