{"id":28831,"date":"2019-11-27T15:32:34","date_gmt":"2019-11-27T14:32:34","guid":{"rendered":"https:\/\/www.buchinger-wilhelmi.com\/?p=28831"},"modified":"2024-02-23T10:57:28","modified_gmt":"2024-02-23T09:57:28","slug":"nuevo-libro-de-cocina-cada-dia-un-placer","status":"publish","type":"post","link":"https:\/\/www.buchinger-wilhelmi.com\/es\/nuevo-libro-de-cocina-cada-dia-un-placer\/","title":{"rendered":"Buchinger Wilhelmi libro de cocina \u201cCada  d\u00eda un placer\u201d"},"content":{"rendered":"\n<p>La cocina saludable nos mantiene en forma y protege la base de la existencia de todos los seres vivos. La alimentaci\u00f3n saludable y el ayuno son para nosotros las dos caras de una misma moneda. Para el \u00e9xito terap\u00e9utico de una cura de ayuno es fundamental el periodo que le sigue: la fase de readaptaci\u00f3n o regeneraci\u00f3n. La intensiva s\u00edntesis de las prote\u00ednas y las c\u00e9lulas madre que se activan durante el ayuno estimulan la renovaci\u00f3n de las estructuras y c\u00e9lulas agotadas, facilitando as\u00ed una regeneraci\u00f3n celular duradera.<\/p>\n\n\n\n<p>Para que nuestros pacientes puedan seguir en su hogar una alimentaci\u00f3n saludable y sabrosa hemos escrito \u201cCada d\u00eda un placer\u201d. Lo hemos escrito nosotros, un equipo internacional de cocineros, nutricionistas y m\u00e9dicos. Como bien saben experto en gastronom\u00eda Hubert Hohler y chef Fernando S\u00e1nchez, con larga experiencia en la cocina integral saludable, una alimentaci\u00f3n sana mejora la sensaci\u00f3n de bienestar y el estado de salud. A este saber se incorporan adem\u00e1s los \u00faltimos conocimientos cient\u00edficos sobre la materia.<\/p>\n\n\n\n<p>El libro lo podr\u00e1n adquirir durante su pr\u00f3xima estancia en nuestra cl\u00ednica. Precio 39 \u20ac.<\/p>\n\n\n\n<p><a href=\"https:\/\/buchinger-wilhelmi-shop.com\/es\/produkt\/cada-dia-un-placer-libro-de-cocina\/\" target=\"_blank\" rel=\"noreferrer noopener\">Pedir aqu\u00ed on-line<\/a><\/p>\n\n\n\n<p><code><div class=\"rl-gallery-container splide rl-loading\" id=\"rl-gallery-container-1\" data-gallery_id=\"29334\"> <div class=\"rl-gallery rl-basicslider-gallery splide__track \" id=\"rl-gallery-1\" data-gallery_no=\"1\"> <ul class=\"splide__list\"> <li class=\"rl-gallery-item splide__slide\" data-thumb=\"https:\/\/www.buchinger-wilhelmi.com\/wp-content\/uploads\/2019\/11\/Buchinger-Wilhelmi-Fastenklinik-Kochbuch_S-1920x1278.jpg\"> <a href=\"https:\/\/www.buchinger-wilhelmi.com\/wp-content\/uploads\/2019\/11\/Buchinger-Wilhelmi-Fastenklinik-Kochbuch_S-768x511.jpg\" title=\"\" data-rl_title=\"\" class=\"rl-gallery-link\" data-rl_caption=\"\" data-rel=\"lightbox-gallery-1\"><img loading=\"lazy\" decoding=\"async\" src=\"https:\/\/www.buchinger-wilhelmi.com\/wp-content\/uploads\/2019\/11\/Buchinger-Wilhelmi-Fastenklinik-Kochbuch_S-1920x1278.jpg\" width=\"1920\" height=\"1278\" alt=\"\" \/><\/a> <\/li> <li class=\"rl-gallery-item splide__slide\" data-thumb=\"https:\/\/www.buchinger-wilhelmi.com\/wp-content\/uploads\/2019\/11\/Buchinger-Wilhelmi-Fastenklinik-Kochbuch_2-1920x1278.jpg\"> <a href=\"https:\/\/www.buchinger-wilhelmi.com\/wp-content\/uploads\/2019\/11\/Buchinger-Wilhelmi-Fastenklinik-Kochbuch_2-768x511.jpg\" title=\"\" data-rl_title=\"\" class=\"rl-gallery-link\" data-rl_caption=\"\" data-rel=\"lightbox-gallery-1\"><img loading=\"lazy\" decoding=\"async\" src=\"https:\/\/www.buchinger-wilhelmi.com\/wp-content\/uploads\/2019\/11\/Buchinger-Wilhelmi-Fastenklinik-Kochbuch_2-1920x1278.jpg\" width=\"1920\" height=\"1278\" alt=\"\" \/><\/a> <\/li> <li class=\"rl-gallery-item splide__slide\" data-thumb=\"https:\/\/www.buchinger-wilhelmi.com\/wp-content\/uploads\/2019\/11\/Buchinger-Wilhelmi-Fastenklinik-Kochbuch_1-1920x1278.jpg\"> <a href=\"https:\/\/www.buchinger-wilhelmi.com\/wp-content\/uploads\/2019\/11\/Buchinger-Wilhelmi-Fastenklinik-Kochbuch_1-768x511.jpg\" title=\"\" data-rl_title=\"\" class=\"rl-gallery-link\" data-rl_caption=\"\" data-rel=\"lightbox-gallery-1\"><img loading=\"lazy\" decoding=\"async\" src=\"https:\/\/www.buchinger-wilhelmi.com\/wp-content\/uploads\/2019\/11\/Buchinger-Wilhelmi-Fastenklinik-Kochbuch_1-1920x1278.jpg\" width=\"1920\" height=\"1278\" alt=\"\" \/><\/a> <\/li> <li class=\"rl-gallery-item splide__slide\" data-thumb=\"https:\/\/www.buchinger-wilhelmi.com\/wp-content\/uploads\/2019\/11\/Kochbuch-182496_cropped-1920x1280.jpg\"> <a href=\"https:\/\/www.buchinger-wilhelmi.com\/wp-content\/uploads\/2019\/11\/Kochbuch-182496_cropped-768x512.jpg\" title=\"\" data-rl_title=\"\" class=\"rl-gallery-link\" data-rl_caption=\"\" data-rel=\"lightbox-gallery-1\"><img loading=\"lazy\" decoding=\"async\" src=\"https:\/\/www.buchinger-wilhelmi.com\/wp-content\/uploads\/2019\/11\/Kochbuch-182496_cropped-1920x1280.jpg\" width=\"1920\" height=\"1280\" alt=\"Buchinger Wilhelmi, Fasten, Heilfasten, Fasting, Health, Integrative Medicine, food, Essen, kochen,\" \/><\/a> <\/li> <li class=\"rl-gallery-item splide__slide\" data-thumb=\"https:\/\/www.buchinger-wilhelmi.com\/wp-content\/uploads\/2019\/11\/Buchinger-Wilhelmi-Fastenklinik-Kochbuch-9-e1582537445946-1920x1280.jpg\"> <a href=\"https:\/\/www.buchinger-wilhelmi.com\/wp-content\/uploads\/2019\/11\/Buchinger-Wilhelmi-Fastenklinik-Kochbuch-9-e1582537445946-768x512.jpg\" title=\"\" data-rl_title=\"\" class=\"rl-gallery-link\" data-rl_caption=\"\" data-rel=\"lightbox-gallery-1\"><img loading=\"lazy\" decoding=\"async\" src=\"https:\/\/www.buchinger-wilhelmi.com\/wp-content\/uploads\/2019\/11\/Buchinger-Wilhelmi-Fastenklinik-Kochbuch-9-e1582537445946-1920x1280.jpg\" width=\"1920\" height=\"1280\" alt=\"\" \/><\/a> <\/li> <li class=\"rl-gallery-item splide__slide\" data-thumb=\"https:\/\/www.buchinger-wilhelmi.com\/wp-content\/uploads\/2019\/11\/Kochbuch-182703-e1582537477543-1920x1280.jpg\"> <a href=\"https:\/\/www.buchinger-wilhelmi.com\/wp-content\/uploads\/2019\/11\/Kochbuch-182703-e1582537477543-768x512.jpg\" title=\"\" data-rl_title=\"\" class=\"rl-gallery-link\" data-rl_caption=\"\" data-rel=\"lightbox-gallery-1\"><img loading=\"lazy\" decoding=\"async\" src=\"https:\/\/www.buchinger-wilhelmi.com\/wp-content\/uploads\/2019\/11\/Kochbuch-182703-e1582537477543-1920x1280.jpg\" width=\"1920\" height=\"1280\" alt=\"\" \/><\/a> <\/li> <li class=\"rl-gallery-item splide__slide\" data-thumb=\"https:\/\/www.buchinger-wilhelmi.com\/wp-content\/uploads\/2019\/11\/Buchinger-Wilhelmi-Fastenklinik-Kochbuch-5-e1582537528892-1920x1280.jpg\"> <a href=\"https:\/\/www.buchinger-wilhelmi.com\/wp-content\/uploads\/2019\/11\/Buchinger-Wilhelmi-Fastenklinik-Kochbuch-5-e1582537528892-768x512.jpg\" title=\"\" data-rl_title=\"\" class=\"rl-gallery-link\" data-rl_caption=\"\" data-rel=\"lightbox-gallery-1\"><img loading=\"lazy\" decoding=\"async\" src=\"https:\/\/www.buchinger-wilhelmi.com\/wp-content\/uploads\/2019\/11\/Buchinger-Wilhelmi-Fastenklinik-Kochbuch-5-e1582537528892-1920x1280.jpg\" width=\"1920\" height=\"1280\" alt=\"\" \/><\/a> <\/li> <li class=\"rl-gallery-item splide__slide\" data-thumb=\"https:\/\/www.buchinger-wilhelmi.com\/wp-content\/uploads\/2019\/11\/Buchinger-Wilhelmi-Fastenklinik-Kochbuch-8-e1582537552653-1920x1280.jpg\"> <a href=\"https:\/\/www.buchinger-wilhelmi.com\/wp-content\/uploads\/2019\/11\/Buchinger-Wilhelmi-Fastenklinik-Kochbuch-8-e1582537552653-768x512.jpg\" title=\"\" data-rl_title=\"\" class=\"rl-gallery-link\" data-rl_caption=\"\" data-rel=\"lightbox-gallery-1\"><img loading=\"lazy\" decoding=\"async\" src=\"https:\/\/www.buchinger-wilhelmi.com\/wp-content\/uploads\/2019\/11\/Buchinger-Wilhelmi-Fastenklinik-Kochbuch-8-e1582537552653-1920x1280.jpg\" width=\"1920\" height=\"1280\" alt=\"\" \/><\/a> <\/li> <li class=\"rl-gallery-item splide__slide\" data-thumb=\"https:\/\/www.buchinger-wilhelmi.com\/wp-content\/uploads\/2019\/11\/Buchinger-Wilhelmi-Fastenklinik-Kochbuch-7-e1582537601383-1920x1280.jpg\"> <a href=\"https:\/\/www.buchinger-wilhelmi.com\/wp-content\/uploads\/2019\/11\/Buchinger-Wilhelmi-Fastenklinik-Kochbuch-7-e1582537601383-768x512.jpg\" title=\"\" data-rl_title=\"\" class=\"rl-gallery-link\" data-rl_caption=\"\" data-rel=\"lightbox-gallery-1\"><img loading=\"lazy\" decoding=\"async\" src=\"https:\/\/www.buchinger-wilhelmi.com\/wp-content\/uploads\/2019\/11\/Buchinger-Wilhelmi-Fastenklinik-Kochbuch-7-e1582537601383-1920x1280.jpg\" width=\"1920\" height=\"1280\" alt=\"\" \/><\/a> <\/li> <li class=\"rl-gallery-item splide__slide\" data-thumb=\"https:\/\/www.buchinger-wilhelmi.com\/wp-content\/uploads\/2019\/11\/Buchinger-Wilhelmi-Fastenklinik-Kochbuch-4-e1582537728459-1920x1280.jpg\"> <a href=\"https:\/\/www.buchinger-wilhelmi.com\/wp-content\/uploads\/2019\/11\/Buchinger-Wilhelmi-Fastenklinik-Kochbuch-4-e1582537728459-768x512.jpg\" title=\"\" data-rl_title=\"\" class=\"rl-gallery-link\" data-rl_caption=\"\" data-rel=\"lightbox-gallery-1\"><img loading=\"lazy\" decoding=\"async\" src=\"https:\/\/www.buchinger-wilhelmi.com\/wp-content\/uploads\/2019\/11\/Buchinger-Wilhelmi-Fastenklinik-Kochbuch-4-e1582537728459-1920x1280.jpg\" width=\"1920\" height=\"1280\" alt=\"\" \/><\/a> <\/li> <li class=\"rl-gallery-item splide__slide\" data-thumb=\"https:\/\/www.buchinger-wilhelmi.com\/wp-content\/uploads\/2019\/11\/Buchinger-Wilhelmi-Fastenklinik-Kochbuch-3-e1582537750312-1920x1280.jpg\"> <a href=\"https:\/\/www.buchinger-wilhelmi.com\/wp-content\/uploads\/2019\/11\/Buchinger-Wilhelmi-Fastenklinik-Kochbuch-3-e1582537750312-768x512.jpg\" title=\"\" data-rl_title=\"\" class=\"rl-gallery-link\" data-rl_caption=\"\" data-rel=\"lightbox-gallery-1\"><img loading=\"lazy\" decoding=\"async\" src=\"https:\/\/www.buchinger-wilhelmi.com\/wp-content\/uploads\/2019\/11\/Buchinger-Wilhelmi-Fastenklinik-Kochbuch-3-e1582537750312-1920x1280.jpg\" width=\"1920\" height=\"1280\" alt=\"\" \/><\/a> <\/li> <li class=\"rl-gallery-item splide__slide\" data-thumb=\"https:\/\/www.buchinger-wilhelmi.com\/wp-content\/uploads\/2019\/11\/Buchinger-Wilhelmi-Fastenklinik-Kochbuch-2-e1582537778805-1920x1280.jpg\"> <a href=\"https:\/\/www.buchinger-wilhelmi.com\/wp-content\/uploads\/2019\/11\/Buchinger-Wilhelmi-Fastenklinik-Kochbuch-2-e1582537778805-768x512.jpg\" title=\"\" data-rl_title=\"\" class=\"rl-gallery-link\" data-rl_caption=\"\" data-rel=\"lightbox-gallery-1\"><img loading=\"lazy\" decoding=\"async\" src=\"https:\/\/www.buchinger-wilhelmi.com\/wp-content\/uploads\/2019\/11\/Buchinger-Wilhelmi-Fastenklinik-Kochbuch-2-e1582537778805-1920x1280.jpg\" width=\"1920\" height=\"1280\" alt=\"\" \/><\/a> <\/li> <li class=\"rl-gallery-item splide__slide\" data-thumb=\"https:\/\/www.buchinger-wilhelmi.com\/wp-content\/uploads\/2019\/11\/Kochbuch-182588-1920x1163.jpg\"> <a href=\"https:\/\/www.buchinger-wilhelmi.com\/wp-content\/uploads\/2019\/11\/Kochbuch-182588-768x465.jpg\" title=\"\" data-rl_title=\"\" class=\"rl-gallery-link\" data-rl_caption=\"\" data-rel=\"lightbox-gallery-1\"><img loading=\"lazy\" decoding=\"async\" src=\"https:\/\/www.buchinger-wilhelmi.com\/wp-content\/uploads\/2019\/11\/Kochbuch-182588-1920x1163.jpg\" width=\"1920\" height=\"1163\" alt=\"\" \/><\/a> <\/li> <\/ul> <\/div> <\/div><\/code><\/p>\n","protected":false},"excerpt":{"rendered":"<p>La cocina saludable nos mantiene en forma y protege la base de la existencia de todos los seres vivos. La alimentaci\u00f3n saludable y el ayuno son para nosotros las dos caras de una misma moneda. <\/p>\n","protected":false},"author":30,"featured_media":30663,"comment_status":"closed","ping_status":"closed","sticky":false,"template":"","format":"standard","meta":{"_acf_changed":false,"_custom_body_class":"","_custom_post_class":"","_searchwp_excluded":"","inline_featured_image":false,"footnotes":""},"categories":[79,102],"tags":[],"class_list":["post-28831","post","type-post","status-publish","format-standard","has-post-thumbnail","hentry","category-news","category-kochen"],"acf":[],"yoast_head":"<!-- This site is optimized with the Yoast SEO plugin v23.8 - https:\/\/yoast.com\/wordpress\/plugins\/seo\/ -->\n<title>Buchinger Wilhelmi libro de cocina \u201cCada d\u00eda un placer\u201d - BUCHINGER WILHELMI<\/title>\n<meta name=\"robots\" content=\"index, follow, max-snippet:-1, max-image-preview:large, max-video-preview:-1\" \/>\n<link rel=\"canonical\" href=\"https:\/\/www.buchinger-wilhelmi.com\/es\/nuevo-libro-de-cocina-cada-dia-un-placer\/\" \/>\n<meta property=\"og:locale\" content=\"es_ES\" \/>\n<meta property=\"og:type\" content=\"article\" \/>\n<meta property=\"og:title\" content=\"Buchinger Wilhelmi libro de cocina \u201cCada d\u00eda un placer\u201d - BUCHINGER WILHELMI\" \/>\n<meta property=\"og:description\" content=\"La cocina saludable nos mantiene en forma y protege la base de la existencia de todos los seres vivos. La alimentaci\u00f3n saludable y el ayuno son para nosotros las dos caras de una misma moneda.\" \/>\n<meta property=\"og:url\" content=\"https:\/\/www.buchinger-wilhelmi.com\/es\/nuevo-libro-de-cocina-cada-dia-un-placer\/\" \/>\n<meta property=\"article:publisher\" content=\"https:\/\/www.facebook.com\/BuchingerWilhelmiMarbella\/\" \/>\n<meta property=\"article:published_time\" content=\"2019-11-27T14:32:34+00:00\" \/>\n<meta property=\"article:modified_time\" content=\"2024-02-23T09:57:28+00:00\" \/>\n<meta property=\"og:image\" content=\"https:\/\/www.buchinger-wilhelmi.com\/wp-content\/uploads\/2019\/11\/Buchinger-Wilhelmi-Fastenklinik-Kochbuch_S-1.jpg\" \/>\n\t<meta property=\"og:image:width\" content=\"2000\" \/>\n\t<meta property=\"og:image:height\" content=\"1331\" \/>\n\t<meta property=\"og:image:type\" content=\"image\/jpeg\" \/>\n<meta name=\"author\" content=\"Barbara Philipps\" \/>\n<meta name=\"twitter:card\" content=\"summary_large_image\" \/>\n<meta name=\"twitter:label1\" content=\"Escrito por\" \/>\n\t<meta name=\"twitter:data1\" content=\"Barbara Philipps\" \/>\n\t<meta name=\"twitter:label2\" content=\"Tiempo de lectura\" \/>\n\t<meta name=\"twitter:data2\" content=\"2 minutos\" \/>\n<script type=\"application\/ld+json\" class=\"yoast-schema-graph\">{\"@context\":\"https:\/\/schema.org\",\"@graph\":[{\"@type\":\"Article\",\"@id\":\"https:\/\/www.buchinger-wilhelmi.com\/es\/nuevo-libro-de-cocina-cada-dia-un-placer\/#article\",\"isPartOf\":{\"@id\":\"https:\/\/www.buchinger-wilhelmi.com\/es\/nuevo-libro-de-cocina-cada-dia-un-placer\/\"},\"author\":{\"name\":\"Barbara Philipps\",\"@id\":\"https:\/\/www.buchinger-wilhelmi.com\/es\/#\/schema\/person\/7a939850a619fa6f7562beac18cbf295\"},\"headline\":\"Buchinger Wilhelmi libro de cocina \u201cCada d\u00eda un placer\u201d\",\"datePublished\":\"2019-11-27T14:32:34+00:00\",\"dateModified\":\"2024-02-23T09:57:28+00:00\",\"mainEntityOfPage\":{\"@id\":\"https:\/\/www.buchinger-wilhelmi.com\/es\/nuevo-libro-de-cocina-cada-dia-un-placer\/\"},\"wordCount\":214,\"publisher\":{\"@id\":\"https:\/\/www.buchinger-wilhelmi.com\/es\/#organization\"},\"image\":{\"@id\":\"https:\/\/www.buchinger-wilhelmi.com\/es\/nuevo-libro-de-cocina-cada-dia-un-placer\/#primaryimage\"},\"thumbnailUrl\":\"https:\/\/www.buchinger-wilhelmi.com\/wp-content\/uploads\/2019\/11\/Buchinger-Wilhelmi-Fastenklinik-Kochbuch_S-1.jpg\",\"articleSection\":[\"Actualidad\",\"Cocina\"],\"inLanguage\":\"es\"},{\"@type\":\"WebPage\",\"@id\":\"https:\/\/www.buchinger-wilhelmi.com\/es\/nuevo-libro-de-cocina-cada-dia-un-placer\/\",\"url\":\"https:\/\/www.buchinger-wilhelmi.com\/es\/nuevo-libro-de-cocina-cada-dia-un-placer\/\",\"name\":\"Buchinger Wilhelmi libro de cocina \u201cCada d\u00eda un placer\u201d - BUCHINGER WILHELMI\",\"isPartOf\":{\"@id\":\"https:\/\/www.buchinger-wilhelmi.com\/es\/#website\"},\"primaryImageOfPage\":{\"@id\":\"https:\/\/www.buchinger-wilhelmi.com\/es\/nuevo-libro-de-cocina-cada-dia-un-placer\/#primaryimage\"},\"image\":{\"@id\":\"https:\/\/www.buchinger-wilhelmi.com\/es\/nuevo-libro-de-cocina-cada-dia-un-placer\/#primaryimage\"},\"thumbnailUrl\":\"https:\/\/www.buchinger-wilhelmi.com\/wp-content\/uploads\/2019\/11\/Buchinger-Wilhelmi-Fastenklinik-Kochbuch_S-1.jpg\",\"datePublished\":\"2019-11-27T14:32:34+00:00\",\"dateModified\":\"2024-02-23T09:57:28+00:00\",\"breadcrumb\":{\"@id\":\"https:\/\/www.buchinger-wilhelmi.com\/es\/nuevo-libro-de-cocina-cada-dia-un-placer\/#breadcrumb\"},\"inLanguage\":\"es\",\"potentialAction\":[{\"@type\":\"ReadAction\",\"target\":[\"https:\/\/www.buchinger-wilhelmi.com\/es\/nuevo-libro-de-cocina-cada-dia-un-placer\/\"]}]},{\"@type\":\"ImageObject\",\"inLanguage\":\"es\",\"@id\":\"https:\/\/www.buchinger-wilhelmi.com\/es\/nuevo-libro-de-cocina-cada-dia-un-placer\/#primaryimage\",\"url\":\"https:\/\/www.buchinger-wilhelmi.com\/wp-content\/uploads\/2019\/11\/Buchinger-Wilhelmi-Fastenklinik-Kochbuch_S-1.jpg\",\"contentUrl\":\"https:\/\/www.buchinger-wilhelmi.com\/wp-content\/uploads\/2019\/11\/Buchinger-Wilhelmi-Fastenklinik-Kochbuch_S-1.jpg\",\"width\":2000,\"height\":1331},{\"@type\":\"BreadcrumbList\",\"@id\":\"https:\/\/www.buchinger-wilhelmi.com\/es\/nuevo-libro-de-cocina-cada-dia-un-placer\/#breadcrumb\",\"itemListElement\":[{\"@type\":\"ListItem\",\"position\":1,\"name\":\"Startseite\",\"item\":\"https:\/\/www.buchinger-wilhelmi.com\/es\/\"},{\"@type\":\"ListItem\",\"position\":2,\"name\":\"Buchinger Wilhelmi libro de cocina \u201cCada d\u00eda un placer\u201d\"}]},{\"@type\":\"WebSite\",\"@id\":\"https:\/\/www.buchinger-wilhelmi.com\/es\/#website\",\"url\":\"https:\/\/www.buchinger-wilhelmi.com\/es\/\",\"name\":\"\",\"description\":\"\",\"publisher\":{\"@id\":\"https:\/\/www.buchinger-wilhelmi.com\/es\/#organization\"},\"potentialAction\":[{\"@type\":\"SearchAction\",\"target\":{\"@type\":\"EntryPoint\",\"urlTemplate\":\"https:\/\/www.buchinger-wilhelmi.com\/es\/?s={search_term_string}\"},\"query-input\":{\"@type\":\"PropertyValueSpecification\",\"valueRequired\":true,\"valueName\":\"search_term_string\"}}],\"inLanguage\":\"es\"},{\"@type\":\"Organization\",\"@id\":\"https:\/\/www.buchinger-wilhelmi.com\/es\/#organization\",\"name\":\"Buchinger Wilhelmi Holding GmbH & Co.KG\",\"url\":\"https:\/\/www.buchinger-wilhelmi.com\/es\/\",\"logo\":{\"@type\":\"ImageObject\",\"inLanguage\":\"es\",\"@id\":\"https:\/\/www.buchinger-wilhelmi.com\/es\/#\/schema\/logo\/image\/\",\"url\":\"https:\/\/www.buchinger-wilhelmi.com\/wp-content\/uploads\/2018\/04\/BW_Logo_black.png\",\"contentUrl\":\"https:\/\/www.buchinger-wilhelmi.com\/wp-content\/uploads\/2018\/04\/BW_Logo_black.png\",\"width\":303,\"height\":76,\"caption\":\"Buchinger Wilhelmi Holding GmbH & Co.KG\"},\"image\":{\"@id\":\"https:\/\/www.buchinger-wilhelmi.com\/es\/#\/schema\/logo\/image\/\"},\"sameAs\":[\"https:\/\/www.facebook.com\/BuchingerWilhelmiMarbella\/\",\"https:\/\/www.instagram.com\/buchingerwilhelmi\/\",\"https:\/\/www.linkedin.com\/company\/buchingerwilhelmi\/\",\"https:\/\/www.pinterest.de\/buchingerwilhelmi\/\",\"https:\/\/www.youtube.com\/channel\/UC6jETvWDCI_W-VVG2AjxOfw\"]},{\"@type\":\"Person\",\"@id\":\"https:\/\/www.buchinger-wilhelmi.com\/es\/#\/schema\/person\/7a939850a619fa6f7562beac18cbf295\",\"name\":\"Barbara Philipps\"}]}<\/script>\n<!-- \/ Yoast SEO plugin. -->","yoast_head_json":{"title":"Buchinger Wilhelmi libro de cocina \u201cCada d\u00eda un placer\u201d - BUCHINGER WILHELMI","robots":{"index":"index","follow":"follow","max-snippet":"max-snippet:-1","max-image-preview":"max-image-preview:large","max-video-preview":"max-video-preview:-1"},"canonical":"https:\/\/www.buchinger-wilhelmi.com\/es\/nuevo-libro-de-cocina-cada-dia-un-placer\/","og_locale":"es_ES","og_type":"article","og_title":"Buchinger Wilhelmi libro de cocina \u201cCada d\u00eda un placer\u201d - BUCHINGER WILHELMI","og_description":"La cocina saludable nos mantiene en forma y protege la base de la existencia de todos los seres vivos. La alimentaci\u00f3n saludable y el ayuno son para nosotros las dos caras de una misma moneda.","og_url":"https:\/\/www.buchinger-wilhelmi.com\/es\/nuevo-libro-de-cocina-cada-dia-un-placer\/","article_publisher":"https:\/\/www.facebook.com\/BuchingerWilhelmiMarbella\/","article_published_time":"2019-11-27T14:32:34+00:00","article_modified_time":"2024-02-23T09:57:28+00:00","og_image":[{"width":2000,"height":1331,"url":"https:\/\/www.buchinger-wilhelmi.com\/wp-content\/uploads\/2019\/11\/Buchinger-Wilhelmi-Fastenklinik-Kochbuch_S-1.jpg","type":"image\/jpeg"}],"author":"Barbara Philipps","twitter_card":"summary_large_image","twitter_misc":{"Escrito por":"Barbara Philipps","Tiempo de lectura":"2 minutos"},"schema":{"@context":"https:\/\/schema.org","@graph":[{"@type":"Article","@id":"https:\/\/www.buchinger-wilhelmi.com\/es\/nuevo-libro-de-cocina-cada-dia-un-placer\/#article","isPartOf":{"@id":"https:\/\/www.buchinger-wilhelmi.com\/es\/nuevo-libro-de-cocina-cada-dia-un-placer\/"},"author":{"name":"Barbara Philipps","@id":"https:\/\/www.buchinger-wilhelmi.com\/es\/#\/schema\/person\/7a939850a619fa6f7562beac18cbf295"},"headline":"Buchinger Wilhelmi libro de cocina \u201cCada d\u00eda un placer\u201d","datePublished":"2019-11-27T14:32:34+00:00","dateModified":"2024-02-23T09:57:28+00:00","mainEntityOfPage":{"@id":"https:\/\/www.buchinger-wilhelmi.com\/es\/nuevo-libro-de-cocina-cada-dia-un-placer\/"},"wordCount":214,"publisher":{"@id":"https:\/\/www.buchinger-wilhelmi.com\/es\/#organization"},"image":{"@id":"https:\/\/www.buchinger-wilhelmi.com\/es\/nuevo-libro-de-cocina-cada-dia-un-placer\/#primaryimage"},"thumbnailUrl":"https:\/\/www.buchinger-wilhelmi.com\/wp-content\/uploads\/2019\/11\/Buchinger-Wilhelmi-Fastenklinik-Kochbuch_S-1.jpg","articleSection":["Actualidad","Cocina"],"inLanguage":"es"},{"@type":"WebPage","@id":"https:\/\/www.buchinger-wilhelmi.com\/es\/nuevo-libro-de-cocina-cada-dia-un-placer\/","url":"https:\/\/www.buchinger-wilhelmi.com\/es\/nuevo-libro-de-cocina-cada-dia-un-placer\/","name":"Buchinger Wilhelmi libro de cocina \u201cCada d\u00eda un placer\u201d - BUCHINGER WILHELMI","isPartOf":{"@id":"https:\/\/www.buchinger-wilhelmi.com\/es\/#website"},"primaryImageOfPage":{"@id":"https:\/\/www.buchinger-wilhelmi.com\/es\/nuevo-libro-de-cocina-cada-dia-un-placer\/#primaryimage"},"image":{"@id":"https:\/\/www.buchinger-wilhelmi.com\/es\/nuevo-libro-de-cocina-cada-dia-un-placer\/#primaryimage"},"thumbnailUrl":"https:\/\/www.buchinger-wilhelmi.com\/wp-content\/uploads\/2019\/11\/Buchinger-Wilhelmi-Fastenklinik-Kochbuch_S-1.jpg","datePublished":"2019-11-27T14:32:34+00:00","dateModified":"2024-02-23T09:57:28+00:00","breadcrumb":{"@id":"https:\/\/www.buchinger-wilhelmi.com\/es\/nuevo-libro-de-cocina-cada-dia-un-placer\/#breadcrumb"},"inLanguage":"es","potentialAction":[{"@type":"ReadAction","target":["https:\/\/www.buchinger-wilhelmi.com\/es\/nuevo-libro-de-cocina-cada-dia-un-placer\/"]}]},{"@type":"ImageObject","inLanguage":"es","@id":"https:\/\/www.buchinger-wilhelmi.com\/es\/nuevo-libro-de-cocina-cada-dia-un-placer\/#primaryimage","url":"https:\/\/www.buchinger-wilhelmi.com\/wp-content\/uploads\/2019\/11\/Buchinger-Wilhelmi-Fastenklinik-Kochbuch_S-1.jpg","contentUrl":"https:\/\/www.buchinger-wilhelmi.com\/wp-content\/uploads\/2019\/11\/Buchinger-Wilhelmi-Fastenklinik-Kochbuch_S-1.jpg","width":2000,"height":1331},{"@type":"BreadcrumbList","@id":"https:\/\/www.buchinger-wilhelmi.com\/es\/nuevo-libro-de-cocina-cada-dia-un-placer\/#breadcrumb","itemListElement":[{"@type":"ListItem","position":1,"name":"Startseite","item":"https:\/\/www.buchinger-wilhelmi.com\/es\/"},{"@type":"ListItem","position":2,"name":"Buchinger Wilhelmi libro de cocina \u201cCada d\u00eda un placer\u201d"}]},{"@type":"WebSite","@id":"https:\/\/www.buchinger-wilhelmi.com\/es\/#website","url":"https:\/\/www.buchinger-wilhelmi.com\/es\/","name":"","description":"","publisher":{"@id":"https:\/\/www.buchinger-wilhelmi.com\/es\/#organization"},"potentialAction":[{"@type":"SearchAction","target":{"@type":"EntryPoint","urlTemplate":"https:\/\/www.buchinger-wilhelmi.com\/es\/?s={search_term_string}"},"query-input":{"@type":"PropertyValueSpecification","valueRequired":true,"valueName":"search_term_string"}}],"inLanguage":"es"},{"@type":"Organization","@id":"https:\/\/www.buchinger-wilhelmi.com\/es\/#organization","name":"Buchinger Wilhelmi Holding GmbH & Co.KG","url":"https:\/\/www.buchinger-wilhelmi.com\/es\/","logo":{"@type":"ImageObject","inLanguage":"es","@id":"https:\/\/www.buchinger-wilhelmi.com\/es\/#\/schema\/logo\/image\/","url":"https:\/\/www.buchinger-wilhelmi.com\/wp-content\/uploads\/2018\/04\/BW_Logo_black.png","contentUrl":"https:\/\/www.buchinger-wilhelmi.com\/wp-content\/uploads\/2018\/04\/BW_Logo_black.png","width":303,"height":76,"caption":"Buchinger Wilhelmi Holding GmbH & Co.KG"},"image":{"@id":"https:\/\/www.buchinger-wilhelmi.com\/es\/#\/schema\/logo\/image\/"},"sameAs":["https:\/\/www.facebook.com\/BuchingerWilhelmiMarbella\/","https:\/\/www.instagram.com\/buchingerwilhelmi\/","https:\/\/www.linkedin.com\/company\/buchingerwilhelmi\/","https:\/\/www.pinterest.de\/buchingerwilhelmi\/","https:\/\/www.youtube.com\/channel\/UC6jETvWDCI_W-VVG2AjxOfw"]},{"@type":"Person","@id":"https:\/\/www.buchinger-wilhelmi.com\/es\/#\/schema\/person\/7a939850a619fa6f7562beac18cbf295","name":"Barbara Philipps"}]}},"_links":{"self":[{"href":"https:\/\/www.buchinger-wilhelmi.com\/es\/wp-json\/wp\/v2\/posts\/28831"}],"collection":[{"href":"https:\/\/www.buchinger-wilhelmi.com\/es\/wp-json\/wp\/v2\/posts"}],"about":[{"href":"https:\/\/www.buchinger-wilhelmi.com\/es\/wp-json\/wp\/v2\/types\/post"}],"author":[{"embeddable":true,"href":"https:\/\/www.buchinger-wilhelmi.com\/es\/wp-json\/wp\/v2\/users\/30"}],"replies":[{"embeddable":true,"href":"https:\/\/www.buchinger-wilhelmi.com\/es\/wp-json\/wp\/v2\/comments?post=28831"}],"version-history":[{"count":10,"href":"https:\/\/www.buchinger-wilhelmi.com\/es\/wp-json\/wp\/v2\/posts\/28831\/revisions"}],"predecessor-version":[{"id":77716,"href":"https:\/\/www.buchinger-wilhelmi.com\/es\/wp-json\/wp\/v2\/posts\/28831\/revisions\/77716"}],"wp:featuredmedia":[{"embeddable":true,"href":"https:\/\/www.buchinger-wilhelmi.com\/es\/wp-json\/wp\/v2\/media\/30663"}],"wp:attachment":[{"href":"https:\/\/www.buchinger-wilhelmi.com\/es\/wp-json\/wp\/v2\/media?parent=28831"}],"wp:term":[{"taxonomy":"category","embeddable":true,"href":"https:\/\/www.buchinger-wilhelmi.com\/es\/wp-json\/wp\/v2\/categories?post=28831"},{"taxonomy":"post_tag","embeddable":true,"href":"https:\/\/www.buchinger-wilhelmi.com\/es\/wp-json\/wp\/v2\/tags?post=28831"}],"curies":[{"name":"wp","href":"https:\/\/api.w.org\/{rel}","templated":true}]}}