{"id":67885,"date":"2023-06-28T10:12:21","date_gmt":"2023-06-28T08:12:21","guid":{"rendered":"https:\/\/www.buchinger-wilhelmi.com\/herzlich-willkommen-mia-angelina\/"},"modified":"2023-08-15T14:36:05","modified_gmt":"2023-08-15T12:36:05","slug":"bienvenida-mia-angelina","status":"publish","type":"post","link":"https:\/\/www.buchinger-wilhelmi.com\/es\/bienvenida-mia-angelina\/","title":{"rendered":"\u00a1Bienvenida a este mundo!"},"content":{"rendered":"<div class=\"wpb-content-wrapper\">[vc_row][vc_column][vc_column_text]\n<h3>Un nuevo miembro de la familia<\/h3>\n[\/vc_column_text][vc_empty_space][\/vc_column][\/vc_row][vc_row][vc_column width=\u00bb1\/2&#8243;][vc_column_text]La peque\u00f1a Mia Angelina vino al mundo a las 14.00 horas del 1 de abril de 2023, llenando de alegr\u00eda a sus orgullosos padres, Victor Wilhelmi, director de la cl\u00ednica Buchinger Wilhelmi de Marbella, y su esposa Isabelle, y a toda la familia Buchinger Wilhelmi.<\/p>\n<p>Con la llegada de su preciosa hija Mia Angelina, los d\u00edas (y las noches) de Victor se han llenado de nuevas aventuras y mucho amor. Los entra\u00f1ables momentos de la vida y la belleza de las noches sin dormir forman parte de la experiencia de ser padre.<\/p>\n<p>Mia Angelina es la quinta ni\u00f1a de la quinta generaci\u00f3n de Buchinger Wilhelmi.[\/vc_column_text][\/vc_column][vc_column width=\u00bb1\/2&#8243;][vc_empty_space height=\u00bb5&#8243;][vc_single_image image=\u00bb67690&#8243; img_size=\u00bbfull\u00bb][\/vc_column][\/vc_row][vc_row][vc_column][\/vc_column][\/vc_row]\n<\/div>","protected":false},"excerpt":{"rendered":"<p>[vc_row][vc_column][vc_column_text] Un nuevo miembro de la familia [\/vc_column_text][vc_empty_space][\/vc_column][\/vc_row][vc_row][vc_column width=\u00bb1\/2&#8243;][vc_column_text]La peque\u00f1a Mia Angelina vino al&#8230;<\/p>\n","protected":false},"author":30,"featured_media":67693,"comment_status":"closed","ping_status":"closed","sticky":false,"template":"","format":"standard","meta":{"_acf_changed":false,"_custom_body_class":"","_custom_post_class":"","_searchwp_excluded":"","inline_featured_image":false,"footnotes":""},"categories":[79],"tags":[],"class_list":["post-67885","post","type-post","status-publish","format-standard","has-post-thumbnail","hentry","category-news"],"acf":[],"yoast_head":"<!-- This site is optimized with the Yoast SEO plugin v23.8 - https:\/\/yoast.com\/wordpress\/plugins\/seo\/ -->\n<title>\u00a1Bienvenida a este mundo! - Buchinger Wilhelmi<\/title>\n<meta name=\"description\" content=\"Un nuevo miembro de la familia Buchinger Wilhelmi: La peque\u00f1a Mia Angelina vino al mundo a las 14.00 horas del 1 de abril de 2023.\" \/>\n<meta name=\"robots\" content=\"index, follow, max-snippet:-1, max-image-preview:large, max-video-preview:-1\" \/>\n<link rel=\"canonical\" href=\"https:\/\/www.buchinger-wilhelmi.com\/es\/bienvenida-mia-angelina\/\" \/>\n<meta property=\"og:locale\" content=\"es_ES\" \/>\n<meta property=\"og:type\" content=\"article\" \/>\n<meta property=\"og:title\" content=\"\u00a1Bienvenida a este mundo! - Buchinger Wilhelmi\" \/>\n<meta property=\"og:description\" content=\"Un nuevo miembro de la familia Buchinger Wilhelmi: La peque\u00f1a Mia Angelina vino al mundo a las 14.00 horas del 1 de abril de 2023.\" \/>\n<meta property=\"og:url\" content=\"https:\/\/www.buchinger-wilhelmi.com\/es\/bienvenida-mia-angelina\/\" \/>\n<meta property=\"article:publisher\" content=\"https:\/\/www.facebook.com\/BuchingerWilhelmiMarbella\/\" \/>\n<meta property=\"article:published_time\" content=\"2023-06-28T08:12:21+00:00\" \/>\n<meta property=\"article:modified_time\" content=\"2023-08-15T12:36:05+00:00\" \/>\n<meta property=\"og:image\" content=\"https:\/\/www.buchinger-wilhelmi.com\/wp-content\/uploads\/2023\/06\/GeburtMiaAngelinaVictorWilhelmiIsabel-2-scaled.jpg\" \/>\n\t<meta property=\"og:image:width\" content=\"2560\" \/>\n\t<meta property=\"og:image:height\" content=\"1707\" \/>\n\t<meta property=\"og:image:type\" content=\"image\/jpeg\" \/>\n<meta name=\"author\" content=\"Barbara Philipps\" \/>\n<meta name=\"twitter:card\" content=\"summary_large_image\" \/>\n<meta name=\"twitter:label1\" content=\"Escrito por\" \/>\n\t<meta name=\"twitter:data1\" content=\"Barbara Philipps\" \/>\n\t<meta name=\"twitter:label2\" content=\"Tiempo de lectura\" \/>\n\t<meta name=\"twitter:data2\" content=\"1 minuto\" \/>\n<script type=\"application\/ld+json\" class=\"yoast-schema-graph\">{\"@context\":\"https:\/\/schema.org\",\"@graph\":[{\"@type\":\"Article\",\"@id\":\"https:\/\/www.buchinger-wilhelmi.com\/es\/bienvenida-mia-angelina\/#article\",\"isPartOf\":{\"@id\":\"https:\/\/www.buchinger-wilhelmi.com\/es\/bienvenida-mia-angelina\/\"},\"author\":{\"name\":\"Barbara Philipps\",\"@id\":\"https:\/\/www.buchinger-wilhelmi.com\/es\/#\/schema\/person\/7a939850a619fa6f7562beac18cbf295\"},\"headline\":\"\u00a1Bienvenida a este mundo!\",\"datePublished\":\"2023-06-28T08:12:21+00:00\",\"dateModified\":\"2023-08-15T12:36:05+00:00\",\"mainEntityOfPage\":{\"@id\":\"https:\/\/www.buchinger-wilhelmi.com\/es\/bienvenida-mia-angelina\/\"},\"wordCount\":175,\"publisher\":{\"@id\":\"https:\/\/www.buchinger-wilhelmi.com\/es\/#organization\"},\"image\":{\"@id\":\"https:\/\/www.buchinger-wilhelmi.com\/es\/bienvenida-mia-angelina\/#primaryimage\"},\"thumbnailUrl\":\"https:\/\/www.buchinger-wilhelmi.com\/wp-content\/uploads\/2023\/06\/GeburtMiaAngelinaVictorWilhelmiIsabel-2-scaled.jpg\",\"articleSection\":[\"Actualidad\"],\"inLanguage\":\"es\"},{\"@type\":\"WebPage\",\"@id\":\"https:\/\/www.buchinger-wilhelmi.com\/es\/bienvenida-mia-angelina\/\",\"url\":\"https:\/\/www.buchinger-wilhelmi.com\/es\/bienvenida-mia-angelina\/\",\"name\":\"\u00a1Bienvenida a este mundo! - Buchinger Wilhelmi\",\"isPartOf\":{\"@id\":\"https:\/\/www.buchinger-wilhelmi.com\/es\/#website\"},\"primaryImageOfPage\":{\"@id\":\"https:\/\/www.buchinger-wilhelmi.com\/es\/bienvenida-mia-angelina\/#primaryimage\"},\"image\":{\"@id\":\"https:\/\/www.buchinger-wilhelmi.com\/es\/bienvenida-mia-angelina\/#primaryimage\"},\"thumbnailUrl\":\"https:\/\/www.buchinger-wilhelmi.com\/wp-content\/uploads\/2023\/06\/GeburtMiaAngelinaVictorWilhelmiIsabel-2-scaled.jpg\",\"datePublished\":\"2023-06-28T08:12:21+00:00\",\"dateModified\":\"2023-08-15T12:36:05+00:00\",\"description\":\"Un nuevo miembro de la familia Buchinger Wilhelmi: La peque\u00f1a Mia Angelina vino al mundo a las 14.00 horas del 1 de abril de 2023.\",\"breadcrumb\":{\"@id\":\"https:\/\/www.buchinger-wilhelmi.com\/es\/bienvenida-mia-angelina\/#breadcrumb\"},\"inLanguage\":\"es\",\"potentialAction\":[{\"@type\":\"ReadAction\",\"target\":[\"https:\/\/www.buchinger-wilhelmi.com\/es\/bienvenida-mia-angelina\/\"]}]},{\"@type\":\"ImageObject\",\"inLanguage\":\"es\",\"@id\":\"https:\/\/www.buchinger-wilhelmi.com\/es\/bienvenida-mia-angelina\/#primaryimage\",\"url\":\"https:\/\/www.buchinger-wilhelmi.com\/wp-content\/uploads\/2023\/06\/GeburtMiaAngelinaVictorWilhelmiIsabel-2-scaled.jpg\",\"contentUrl\":\"https:\/\/www.buchinger-wilhelmi.com\/wp-content\/uploads\/2023\/06\/GeburtMiaAngelinaVictorWilhelmiIsabel-2-scaled.jpg\",\"width\":2560,\"height\":1707},{\"@type\":\"BreadcrumbList\",\"@id\":\"https:\/\/www.buchinger-wilhelmi.com\/es\/bienvenida-mia-angelina\/#breadcrumb\",\"itemListElement\":[{\"@type\":\"ListItem\",\"position\":1,\"name\":\"Startseite\",\"item\":\"https:\/\/www.buchinger-wilhelmi.com\/es\/\"},{\"@type\":\"ListItem\",\"position\":2,\"name\":\"\u00a1Bienvenida a este mundo!\"}]},{\"@type\":\"WebSite\",\"@id\":\"https:\/\/www.buchinger-wilhelmi.com\/es\/#website\",\"url\":\"https:\/\/www.buchinger-wilhelmi.com\/es\/\",\"name\":\"\",\"description\":\"\",\"publisher\":{\"@id\":\"https:\/\/www.buchinger-wilhelmi.com\/es\/#organization\"},\"potentialAction\":[{\"@type\":\"SearchAction\",\"target\":{\"@type\":\"EntryPoint\",\"urlTemplate\":\"https:\/\/www.buchinger-wilhelmi.com\/es\/?s={search_term_string}\"},\"query-input\":{\"@type\":\"PropertyValueSpecification\",\"valueRequired\":true,\"valueName\":\"search_term_string\"}}],\"inLanguage\":\"es\"},{\"@type\":\"Organization\",\"@id\":\"https:\/\/www.buchinger-wilhelmi.com\/es\/#organization\",\"name\":\"Buchinger Wilhelmi Holding GmbH & Co.KG\",\"url\":\"https:\/\/www.buchinger-wilhelmi.com\/es\/\",\"logo\":{\"@type\":\"ImageObject\",\"inLanguage\":\"es\",\"@id\":\"https:\/\/www.buchinger-wilhelmi.com\/es\/#\/schema\/logo\/image\/\",\"url\":\"https:\/\/www.buchinger-wilhelmi.com\/wp-content\/uploads\/2018\/04\/BW_Logo_black.png\",\"contentUrl\":\"https:\/\/www.buchinger-wilhelmi.com\/wp-content\/uploads\/2018\/04\/BW_Logo_black.png\",\"width\":303,\"height\":76,\"caption\":\"Buchinger Wilhelmi Holding GmbH & Co.KG\"},\"image\":{\"@id\":\"https:\/\/www.buchinger-wilhelmi.com\/es\/#\/schema\/logo\/image\/\"},\"sameAs\":[\"https:\/\/www.facebook.com\/BuchingerWilhelmiMarbella\/\",\"https:\/\/www.instagram.com\/buchingerwilhelmi\/\",\"https:\/\/www.linkedin.com\/company\/buchingerwilhelmi\/\",\"https:\/\/www.pinterest.de\/buchingerwilhelmi\/\",\"https:\/\/www.youtube.com\/channel\/UC6jETvWDCI_W-VVG2AjxOfw\"]},{\"@type\":\"Person\",\"@id\":\"https:\/\/www.buchinger-wilhelmi.com\/es\/#\/schema\/person\/7a939850a619fa6f7562beac18cbf295\",\"name\":\"Barbara Philipps\"}]}<\/script>\n<!-- \/ Yoast SEO plugin. -->","yoast_head_json":{"title":"\u00a1Bienvenida a este mundo! - Buchinger Wilhelmi","description":"Un nuevo miembro de la familia Buchinger Wilhelmi: La peque\u00f1a Mia Angelina vino al mundo a las 14.00 horas del 1 de abril de 2023.","robots":{"index":"index","follow":"follow","max-snippet":"max-snippet:-1","max-image-preview":"max-image-preview:large","max-video-preview":"max-video-preview:-1"},"canonical":"https:\/\/www.buchinger-wilhelmi.com\/es\/bienvenida-mia-angelina\/","og_locale":"es_ES","og_type":"article","og_title":"\u00a1Bienvenida a este mundo! - Buchinger Wilhelmi","og_description":"Un nuevo miembro de la familia Buchinger Wilhelmi: La peque\u00f1a Mia Angelina vino al mundo a las 14.00 horas del 1 de abril de 2023.","og_url":"https:\/\/www.buchinger-wilhelmi.com\/es\/bienvenida-mia-angelina\/","article_publisher":"https:\/\/www.facebook.com\/BuchingerWilhelmiMarbella\/","article_published_time":"2023-06-28T08:12:21+00:00","article_modified_time":"2023-08-15T12:36:05+00:00","og_image":[{"width":2560,"height":1707,"url":"https:\/\/www.buchinger-wilhelmi.com\/wp-content\/uploads\/2023\/06\/GeburtMiaAngelinaVictorWilhelmiIsabel-2-scaled.jpg","type":"image\/jpeg"}],"author":"Barbara Philipps","twitter_card":"summary_large_image","twitter_misc":{"Escrito por":"Barbara Philipps","Tiempo de lectura":"1 minuto"},"schema":{"@context":"https:\/\/schema.org","@graph":[{"@type":"Article","@id":"https:\/\/www.buchinger-wilhelmi.com\/es\/bienvenida-mia-angelina\/#article","isPartOf":{"@id":"https:\/\/www.buchinger-wilhelmi.com\/es\/bienvenida-mia-angelina\/"},"author":{"name":"Barbara Philipps","@id":"https:\/\/www.buchinger-wilhelmi.com\/es\/#\/schema\/person\/7a939850a619fa6f7562beac18cbf295"},"headline":"\u00a1Bienvenida a este mundo!","datePublished":"2023-06-28T08:12:21+00:00","dateModified":"2023-08-15T12:36:05+00:00","mainEntityOfPage":{"@id":"https:\/\/www.buchinger-wilhelmi.com\/es\/bienvenida-mia-angelina\/"},"wordCount":175,"publisher":{"@id":"https:\/\/www.buchinger-wilhelmi.com\/es\/#organization"},"image":{"@id":"https:\/\/www.buchinger-wilhelmi.com\/es\/bienvenida-mia-angelina\/#primaryimage"},"thumbnailUrl":"https:\/\/www.buchinger-wilhelmi.com\/wp-content\/uploads\/2023\/06\/GeburtMiaAngelinaVictorWilhelmiIsabel-2-scaled.jpg","articleSection":["Actualidad"],"inLanguage":"es"},{"@type":"WebPage","@id":"https:\/\/www.buchinger-wilhelmi.com\/es\/bienvenida-mia-angelina\/","url":"https:\/\/www.buchinger-wilhelmi.com\/es\/bienvenida-mia-angelina\/","name":"\u00a1Bienvenida a este mundo! - Buchinger Wilhelmi","isPartOf":{"@id":"https:\/\/www.buchinger-wilhelmi.com\/es\/#website"},"primaryImageOfPage":{"@id":"https:\/\/www.buchinger-wilhelmi.com\/es\/bienvenida-mia-angelina\/#primaryimage"},"image":{"@id":"https:\/\/www.buchinger-wilhelmi.com\/es\/bienvenida-mia-angelina\/#primaryimage"},"thumbnailUrl":"https:\/\/www.buchinger-wilhelmi.com\/wp-content\/uploads\/2023\/06\/GeburtMiaAngelinaVictorWilhelmiIsabel-2-scaled.jpg","datePublished":"2023-06-28T08:12:21+00:00","dateModified":"2023-08-15T12:36:05+00:00","description":"Un nuevo miembro de la familia Buchinger Wilhelmi: La peque\u00f1a Mia Angelina vino al mundo a las 14.00 horas del 1 de abril de 2023.","breadcrumb":{"@id":"https:\/\/www.buchinger-wilhelmi.com\/es\/bienvenida-mia-angelina\/#breadcrumb"},"inLanguage":"es","potentialAction":[{"@type":"ReadAction","target":["https:\/\/www.buchinger-wilhelmi.com\/es\/bienvenida-mia-angelina\/"]}]},{"@type":"ImageObject","inLanguage":"es","@id":"https:\/\/www.buchinger-wilhelmi.com\/es\/bienvenida-mia-angelina\/#primaryimage","url":"https:\/\/www.buchinger-wilhelmi.com\/wp-content\/uploads\/2023\/06\/GeburtMiaAngelinaVictorWilhelmiIsabel-2-scaled.jpg","contentUrl":"https:\/\/www.buchinger-wilhelmi.com\/wp-content\/uploads\/2023\/06\/GeburtMiaAngelinaVictorWilhelmiIsabel-2-scaled.jpg","width":2560,"height":1707},{"@type":"BreadcrumbList","@id":"https:\/\/www.buchinger-wilhelmi.com\/es\/bienvenida-mia-angelina\/#breadcrumb","itemListElement":[{"@type":"ListItem","position":1,"name":"Startseite","item":"https:\/\/www.buchinger-wilhelmi.com\/es\/"},{"@type":"ListItem","position":2,"name":"\u00a1Bienvenida a este mundo!"}]},{"@type":"WebSite","@id":"https:\/\/www.buchinger-wilhelmi.com\/es\/#website","url":"https:\/\/www.buchinger-wilhelmi.com\/es\/","name":"","description":"","publisher":{"@id":"https:\/\/www.buchinger-wilhelmi.com\/es\/#organization"},"potentialAction":[{"@type":"SearchAction","target":{"@type":"EntryPoint","urlTemplate":"https:\/\/www.buchinger-wilhelmi.com\/es\/?s={search_term_string}"},"query-input":{"@type":"PropertyValueSpecification","valueRequired":true,"valueName":"search_term_string"}}],"inLanguage":"es"},{"@type":"Organization","@id":"https:\/\/www.buchinger-wilhelmi.com\/es\/#organization","name":"Buchinger Wilhelmi Holding GmbH & Co.KG","url":"https:\/\/www.buchinger-wilhelmi.com\/es\/","logo":{"@type":"ImageObject","inLanguage":"es","@id":"https:\/\/www.buchinger-wilhelmi.com\/es\/#\/schema\/logo\/image\/","url":"https:\/\/www.buchinger-wilhelmi.com\/wp-content\/uploads\/2018\/04\/BW_Logo_black.png","contentUrl":"https:\/\/www.buchinger-wilhelmi.com\/wp-content\/uploads\/2018\/04\/BW_Logo_black.png","width":303,"height":76,"caption":"Buchinger Wilhelmi Holding GmbH & Co.KG"},"image":{"@id":"https:\/\/www.buchinger-wilhelmi.com\/es\/#\/schema\/logo\/image\/"},"sameAs":["https:\/\/www.facebook.com\/BuchingerWilhelmiMarbella\/","https:\/\/www.instagram.com\/buchingerwilhelmi\/","https:\/\/www.linkedin.com\/company\/buchingerwilhelmi\/","https:\/\/www.pinterest.de\/buchingerwilhelmi\/","https:\/\/www.youtube.com\/channel\/UC6jETvWDCI_W-VVG2AjxOfw"]},{"@type":"Person","@id":"https:\/\/www.buchinger-wilhelmi.com\/es\/#\/schema\/person\/7a939850a619fa6f7562beac18cbf295","name":"Barbara Philipps"}]}},"_links":{"self":[{"href":"https:\/\/www.buchinger-wilhelmi.com\/es\/wp-json\/wp\/v2\/posts\/67885"}],"collection":[{"href":"https:\/\/www.buchinger-wilhelmi.com\/es\/wp-json\/wp\/v2\/posts"}],"about":[{"href":"https:\/\/www.buchinger-wilhelmi.com\/es\/wp-json\/wp\/v2\/types\/post"}],"author":[{"embeddable":true,"href":"https:\/\/www.buchinger-wilhelmi.com\/es\/wp-json\/wp\/v2\/users\/30"}],"replies":[{"embeddable":true,"href":"https:\/\/www.buchinger-wilhelmi.com\/es\/wp-json\/wp\/v2\/comments?post=67885"}],"version-history":[{"count":5,"href":"https:\/\/www.buchinger-wilhelmi.com\/es\/wp-json\/wp\/v2\/posts\/67885\/revisions"}],"predecessor-version":[{"id":68664,"href":"https:\/\/www.buchinger-wilhelmi.com\/es\/wp-json\/wp\/v2\/posts\/67885\/revisions\/68664"}],"wp:featuredmedia":[{"embeddable":true,"href":"https:\/\/www.buchinger-wilhelmi.com\/es\/wp-json\/wp\/v2\/media\/67693"}],"wp:attachment":[{"href":"https:\/\/www.buchinger-wilhelmi.com\/es\/wp-json\/wp\/v2\/media?parent=67885"}],"wp:term":[{"taxonomy":"category","embeddable":true,"href":"https:\/\/www.buchinger-wilhelmi.com\/es\/wp-json\/wp\/v2\/categories?post=67885"},{"taxonomy":"post_tag","embeddable":true,"href":"https:\/\/www.buchinger-wilhelmi.com\/es\/wp-json\/wp\/v2\/tags?post=67885"}],"curies":[{"name":"wp","href":"https:\/\/api.w.org\/{rel}","templated":true}]}}