{"id":75194,"date":"2022-06-29T22:53:12","date_gmt":"2022-06-29T20:53:12","guid":{"rendered":"https:\/\/www.buchinger-wilhelmi.com\/informationen-neuigkeiten\/"},"modified":"2024-08-08T07:49:51","modified_gmt":"2024-08-08T05:49:51","slug":"informacion-noticias","status":"publish","type":"post","link":"https:\/\/www.buchinger-wilhelmi.com\/es\/informacion-noticias\/","title":{"rendered":"Infos &#038; News"},"content":{"rendered":"<div class=\"wpb-content-wrapper\">[vc_row css=\u00bb.vc_custom_1657007023046{padding-top: 40px !important;padding-right: 20px !important;padding-bottom: 20px !important;padding-left: 20px !important;}\u00bb][vc_column][vc_column_text]BUCHINGER WILHELMI \u2013 CL\u00cdNICAS DE AYUNO &amp; BOX AYUNO[\/vc_column_text][vc_empty_space height=\u00bb6px\u00bb]<div class=\"norebro-heading-sc heading text-left\"\n\tid=\"norebro-custom-69f5b8f95e55c\" \n\t \n\t>\n\t\n\t\t\t<p class=\"subtitle\">\n\t\t\t\t\t<\/p>\n\t\n\t\n\t<h2 class=\"title subtitle-top\">\n\t\tInformaciones & Novedades\t<\/h2>\n\n\t\n\t\t\n<\/div>[vc_empty_space height=\u00bb24px\u00bb][vc_column_text]Bienvenido a Buchinger Wilhelmi, las cl\u00ednicas l\u00edderes mundiales en ayuno terap\u00e9utico, medicina integrativa e inspiraci\u00f3n. En esta p\u00e1gina encontrar\u00e1 toda la informaci\u00f3n que necesita para mantenerse en contacto con nosotros.<\/p>\n<p>En nuestra revista le guiaremos por el mundo del ayuno y le informaremos sobre las \u00faltimas publicaciones de la investigaci\u00f3n sobre el ayuno, le daremos valiosos consejos sobre salud y nutrici\u00f3n y le mantendremos al d\u00eda de lo que ocurre en nuestras cl\u00ednicas. Recibir\u00e1 peri\u00f3dicamente m\u00e1s informaci\u00f3n a trav\u00e9s de nuestro Newsletter. Asimismo, puede seguirnos en Facebook, Instagram, LinkedIn y YouTube en cualquier momento.[\/vc_column_text][vc_empty_space height=\u00bb24px\u00bb][vc_column_text]\n\n[\/vc_column_text][vc_empty_space height=\u00bb64px\u00bb][\/vc_column][\/vc_row][vc_row css=\u00bb.vc_custom_1654178840253{margin-bottom: 30px !important;}\u00bb][vc_column][vc_column_text css_animation=\u00bbnone\u00bb]\n<h4 style=\"text-align: center;\"><strong>Hojee nuestra revista<\/strong><\/h4>\n[\/vc_column_text][vc_empty_space height=\u00bb24px\u00bb]<div class=\"norebro-recent-posts-sc vc_row blog-posts-masonry\" \n\tid=\"norebro-custom-69f5b8f95fdd9\"\n\t \n\t>\n\n\t<div class=\"norebro-masonry\" data-lazy-container=\"posts\"><div class=\" vc_col-lg-4 vc_col-md-6 vc_col-sm-12 vc_col-xs-12 blog-post-masonry masonry-block post-offset norebro-card-wrapper grid-item\" data-lazy-item=\"\" data-lazy-scope=\"posts\">\r\n<div class=\"blog-grid grid-3\"  data-aos-once=&quot;true&quot; data-aos=&quot;fade-up&quot;>\r\n<a class=\"blog-teaser-link\" href=\"https:\/\/www.buchinger-wilhelmi.com\/es\/receta-primaveral-con-esparragos\/\">\t\r\n\r\n        <header data-norebro-bg-image=\"https:\/\/www.buchinger-wilhelmi.com\/wp-content\/uploads\/2026\/04\/Linsen-Pancake-Spargel-pano.jpg\">\r\n    \r\n        \r\n    <\/header>\r\n    <div class=\"overlay brand-bg-color\"><\/div>\r\n\r\n    <div class=\"content\">\r\n                <div class=\"tags\">\r\n                            <span class=\"tag brand-bg-color brand-border-color\">\r\n                    Actualidad                <\/span>\r\n                            <span class=\"tag brand-bg-color brand-border-color\">\r\n                    Cocina                <\/span>\r\n                    <\/div>\r\n        \r\n        <h3>\r\n                        <span>\r\n                Receta primaveral con esp\u00e1rragos            <\/span>\r\n        <\/h3>\r\n                <p>\r\n            Receta fresca con esp\u00e1rragos de Buchinger Wilhelmi: ligera, nutritiva y f\u00e1cil de digerir. Prep\u00e1rela en casa.        <\/p>\r\n        \r\n        <footer>\r\n                        <span class=\"data\">29\/04\/2026<\/span>\r\n                        <span class=\"plus ion-ios-plus-empty brand-color\"><\/span>\r\n        <\/footer>\r\n    <\/div>\r\n    <\/a>\r\n<\/div>\r\n<div class=\"clear\"><\/div><\/div><div class=\" vc_col-lg-4 vc_col-md-6 vc_col-sm-12 vc_col-xs-12 blog-post-masonry masonry-block post-offset norebro-card-wrapper grid-item\" data-lazy-item=\"\" data-lazy-scope=\"posts\">\r\n<div class=\"blog-grid grid-3\"  data-aos-once=&quot;true&quot; data-aos=&quot;fade-up&quot;>\r\n<a class=\"blog-teaser-link\" href=\"https:\/\/www.buchinger-wilhelmi.com\/es\/casa-la-mariposa\/\">\t\r\n\r\n        <header data-norebro-bg-image=\"https:\/\/www.buchinger-wilhelmi.com\/wp-content\/uploads\/2026\/04\/5D0E3C17-9B23-46F1-B247-032A74ED9069_1_201_a.jpeg\">\r\n    \r\n        \r\n    <\/header>\r\n    <div class=\"overlay brand-bg-color\"><\/div>\r\n\r\n    <div class=\"content\">\r\n                <div class=\"tags\">\r\n                            <span class=\"tag brand-bg-color brand-border-color\">\r\n                    Actualidad                <\/span>\r\n                    <\/div>\r\n        \r\n        <h3>\r\n                        <span>\r\n                Nuevo alojamiento en Marbella            <\/span>\r\n        <\/h3>\r\n                <p>\r\n            Casa la Mariposa en Marbella: villa privada con atenci\u00f3n m\u00e9dica, un espacio de retiro para la regeneraci\u00f3n y el bienestar integral.        <\/p>\r\n        \r\n        <footer>\r\n                        <span class=\"data\">28\/04\/2026<\/span>\r\n                        <span class=\"plus ion-ios-plus-empty brand-color\"><\/span>\r\n        <\/footer>\r\n    <\/div>\r\n    <\/a>\r\n<\/div>\r\n<div class=\"clear\"><\/div><\/div><div class=\" vc_col-lg-4 vc_col-md-6 vc_col-sm-12 vc_col-xs-12 blog-post-masonry masonry-block post-offset norebro-card-wrapper grid-item\" data-lazy-item=\"\" data-lazy-scope=\"posts\">\r\n<div class=\"blog-grid grid-3\"  data-aos-once=&quot;true&quot; data-aos=&quot;fade-up&quot;>\r\n<a class=\"blog-teaser-link\" href=\"https:\/\/www.buchinger-wilhelmi.com\/es\/comparacion-entre-ayuno-y-ozempic\/\">\t\r\n\r\n        <header data-norebro-bg-image=\"https:\/\/www.buchinger-wilhelmi.com\/wp-content\/uploads\/2026\/04\/AdobeStock_603386437_Editorial_Use_Only-scaled.jpeg\">\r\n    \r\n        \r\n    <\/header>\r\n    <div class=\"overlay brand-bg-color\"><\/div>\r\n\r\n    <div class=\"content\">\r\n                <div class=\"tags\">\r\n                            <span class=\"tag brand-bg-color brand-border-color\">\r\n                    Actualidad                <\/span>\r\n                            <span class=\"tag brand-bg-color brand-border-color\">\r\n                    Gu\u00eda del ayuno                <\/span>\r\n                    <\/div>\r\n        \r\n        <h3>\r\n                        <span>\r\n                Ozempic            <\/span>\r\n        <\/h3>\r\n                <p>\r\n            Ayuno vs. Ozempic: c\u00f3mo act\u00faa realmente la p\u00e9rdida de peso. Una explicaci\u00f3n clara sobre oportunidades, l\u00edmites y salud metab\u00f3lica duradera.        <\/p>\r\n        \r\n        <footer>\r\n                        <span class=\"data\">27\/04\/2026<\/span>\r\n                        <span class=\"plus ion-ios-plus-empty brand-color\"><\/span>\r\n        <\/footer>\r\n    <\/div>\r\n    <\/a>\r\n<\/div>\r\n<div class=\"clear\"><\/div><\/div><\/div>\t\n<\/div><div class=\"norebro-button-sc btn-wrap text-center\" \n\tid=\"norebro-custom-69f5b8f9619a4\"\n\t \n\t>\n\n\t<a href=\"https:\/\/www.buchinger-wilhelmi.com\/es\/magazin\/\" target=\"_blank\" \n\t\tclass=\"btn  btn-outline btn-small\">\n\n\t\t\n\t\t<span class=\"text\">\n\t\t\tM\u00e1s art\u00edculos\t\t<\/span>\n\n\t\t\n\t\t\t<\/a>\n\n<\/div>[vc_empty_space height=\u00bb64px\u00bb][\/vc_column][\/vc_row][vc_row css=\u00bb.vc_custom_1699455223205{padding-top: 30px !important;padding-bottom: 30px !important;background-color: #ecebe5 !important;}\u00bb][vc_column][vc_empty_space height=\u00bb24px\u00bb][vc_column_text css_animation=\u00bbnone\u00bb]\n<h4 style=\"text-align: center;\"><strong>Dese de alta en nuestro Newsletter <\/strong><\/h4>\n[\/vc_column_text][vc_empty_space height=\u00bb24px\u00bb][vc_column_text css_animation=\u00bbnone\u00bb]\n<p style=\"text-align: center;\">Eventos y ofertas actuales.<\/p>\n<p style=\"text-align: center;\">Acerca de los \u00faltimos hallazgos cient\u00edficos sobre el ayuno.<\/p>\n<p style=\"text-align: center;\">Updates &amp; consejos sobre el BOX AYUNO Buchinger Wilhelmi.<\/p>\n<p style=\"text-align: center;\">Datos interesantes sobre alimentaci\u00f3n saludable, deporte, meditaci\u00f3n y muchas cosas m\u00e1s.<\/p>\n<p style=\"text-align: center;\">Nuevas inspiraciones de nuestras cl\u00ednicas del lago de Constanza y Marbella<\/p>\n[\/vc_column_text][vc_empty_space]<div class=\"norebro-button-sc btn-wrap text-center\" \n\tid=\"norebro-custom-69f5b8f9619e6\"\n\t \n\t>\n\n\t<a href=\"https:\/\/www.buchinger-wilhelmi.com\/es\/newsletter\/\" target=\"_blank\" \n\t\tclass=\"btn  btn-outline btn-small\">\n\n\t\t\n\t\t<span class=\"text\">\n\t\t\tDarse de ahora\t\t<\/span>\n\n\t\t\n\t\t\t<\/a>\n\n<\/div>[vc_empty_space height=\u00bb24px\u00bb][\/vc_column][\/vc_row][vc_row css=\u00bb.vc_custom_1654178840253{margin-bottom: 30px !important;}\u00bb][vc_column][vc_empty_space height=\u00bb64px\u00bb][vc_column_text css_animation=\u00bbnone\u00bb]\n<h4 style=\"text-align: center;\"><strong>S\u00edganos en nuestras redes sociales.<\/strong><\/h4>\n[\/vc_column_text][vc_empty_space height=\u00bb12px\u00bb][vc_empty_space height=\u00bb24px\u00bb]<div class=\"norebro-socialbar-sc socialbar  text-center new-tab-links outline social-column-5 shadow brand\" \n\tid=\"norebro-custom-69f5b8f961a10\" \n\t \n\t>\n\n\t\t\t<a href=\" https:\/\/x.com\/buchingerclinic\" target=\"_blank\" class=\"twitter\">\n\t\t\t\t\t\t<i class=\"fab fa-twitter\"><\/i>\n\t\t\t\t\t\t\t\t<\/a>\n\t\n\t\t\t<a href=\" https:\/\/www.facebook.com\/BuchingerWilhelmiMarbella\" target=\"_blank\" class=\"facebook\">\n\t\t\t\t\t\t<i class=\"fab fa-facebook\"><\/i>\n\t\t\t\t\t\t\t\t<\/a>\n\t\n\t\t\t<a href=\" https:\/\/www.instagram.com\/buchingerwilhelmi\/\" target=\"_blank\" class=\"instagram\">\n\t\t\t\t\t\t<i class=\"fab fa-instagram\"><\/i>\n\t\t\t\t\t\t\t\t<\/a>\n\t\n\t\n\t\n\t\t\t<a href=\" https:\/\/de.linkedin.com\/company\/buchingerwilhelmi\" target=\"_blank\" class=\"linkedin\">\n\t\t\t\t\t\t<i class=\"fab fa-linkedin\"><\/i>\n\t\t\t\t\t\t\t\t<\/a>\n\t\n\t\n\t\n\t\n\t\n\t\t\t<a href=\" https:\/\/www.youtube.com\/channel\/UC6jETvWDCI_W-VVG2AjxOfw\" class=\"youtube\">\n\t\t\t\t\t\t<i class=\"fab fa-youtube\"><\/i>\n\t\t\t\t\t\t\t\t<\/a>\n\t\n\t\n\t\n\t\n\t\n\t\n\t\n\t\n\t\n\t\n\t\n\t\n\t<\/div>[vc_empty_space height=\u00bb64px\u00bb][vc_column_text css_animation=\u00bbnone\u00bb]\n<h4 style=\"text-align: center;\"><strong>Contacte personalmente con nosotros<\/strong><\/h4>\n[\/vc_column_text][vc_empty_space height=\u00bb24px\u00bb][vc_empty_space height=\u00bb12px\u00bb]<div class=\"norebro-button-sc btn-wrap text-center\" \n\tid=\"norebro-custom-69f5b8f961c57\"\n\t \n\t>\n\n\t<a href=\"https:\/\/www.buchinger-wilhelmi.com\/es\/kontakt\/\" target=\"_blank\" \n\t\tclass=\"btn  btn-outline btn-small\">\n\n\t\t\n\t\t<span class=\"text\">\n\t\t\tIr al formulario\t\t<\/span>\n\n\t\t\n\t\t\t<\/a>\n\n<\/div>[vc_empty_space height=\u00bb64px\u00bb][vc_empty_space height=\u00bb64px\u00bb][vc_separator][\/vc_column][\/vc_row][vc_row disable_element=\u00bbyes\u00bb css=\u00bb.vc_custom_1704182075176{margin-bottom: 30px !important;}\u00bb][vc_column][vc_column_text css_animation=\u00bbnone\u00bb]\n<h4 style=\"text-align: center;\"><strong>Concurso de medios sociales BOX AYUNO<\/strong><\/h4>\n<p style=\"text-align: center;\">Publique sus experiencias con el BOX AYUNO de Buchinger Wilhelmi en las redes sociales. Como agradecimiento, sortearemos fascinantes premios de Buchinger Wilhelmi entre todas las personas que participen, como productos para el cuidado personal con certificaci\u00f3n ecol\u00f3gica, especias, libros de cocina, botellas, cupones y mucho m\u00e1s.<br \/>\nEl primer premio es un fin de semana en la Cl\u00ednica de Buchinger Wilhelmi en \u00dcberlingen en el lago de Constanza o en Marbella.<\/p>\n[\/vc_column_text][\/vc_column][\/vc_row][vc_row disable_element=\u00bbyes\u00bb css=\u00bb.vc_custom_1704182081668{padding-top: 40px !important;padding-right: 20px !important;padding-bottom: 20px !important;padding-left: 20px !important;}\u00bb][vc_column]<div class=\"norebro-heading-sc heading text-left\"\n\tid=\"norebro-custom-69f5b8f961c81\" \n\t \n\t>\n\t\n\t\t\t<p class=\"subtitle\">\n\t\t\t\t\t<\/p>\n\t\n\t\n\t<h5 class=\"title subtitle-top\">\n\t\tC\u00f3mo participar\t<\/h5>\n\n\t\n\t\t\n<\/div>[\/vc_column][\/vc_row][vc_row disable_element=\u00bbyes\u00bb css=\u00bb.vc_custom_1704182087432{margin-bottom: 30px !important;padding-right: 60px !important;padding-bottom: 60px !important;padding-left: 60px !important;}\u00bb][vc_column width=\u00bb2\/3&#8243;][vc_column_text]\n<ul>\n<li>S\u00edganos en <a href=\"https:\/\/www.instagram.com\/buchingerwilhelmi\/\" target=\"_blank\" rel=\"noopener\">Instagram<\/a>, <a href=\"https:\/\/www.facebook.com\/Buchinger.Wilhelmi.Bodensee\" target=\"_blank\" rel=\"noopener\">Facebook<\/a> y\/o\u00a0 <a href=\"https:\/\/www.linkedin.com\/company\/buchingerwilhelmi\/\" target=\"_blank\" rel=\"noopener\">LinkedIn<\/a><\/li>\n<li>Publique una o varias fotograf\u00edas \/ v\u00eddeos de su experiencia con el BOX AYUNO<\/li>\n<li>Etiquete nuestro perfil en\u00a0<a href=\"https:\/\/www.instagram.com\/buchingerwilhelmi\/\" target=\"_blank\" rel=\"noopener\">Instagram<\/a>, <a href=\"https:\/\/www.facebook.com\/Buchinger.Wilhelmi.Bodensee\" target=\"_blank\" rel=\"noopener\">Facebook<\/a> y\/o <a href=\"https:\/\/www.linkedin.com\/company\/buchingerwilhelmi\/\" target=\"_blank\" rel=\"noopener\">LinkedIn<\/a><\/li>\n<li>Utilice el hashtag #BWFastingBox<\/li>\n<li>Configure su perfil para que sea p\u00fablico y, as\u00ed, podamos ver su publicaci\u00f3n<\/li>\n<\/ul>\n[\/vc_column_text][\/vc_column][vc_column width=\u00bb1\/3&#8243;][vc_single_image image=\u00bb56248&#8243; img_size=\u00bbfull\u00bb][vc_empty_space height=\u00bb10&#8243;][vc_column_text]<em>Publique una fotograf\u00eda \/ v\u00eddeo con su BOX AYUNO y utilice el hashtag <strong>#BWFastingBox<\/strong><\/em>[\/vc_column_text][\/vc_column][\/vc_row][vc_row disable_element=\u00bbyes\u00bb css=\u00bb.vc_custom_1704182093475{margin-bottom: 30px !important;}\u00bb][vc_column][vc_column_text]Requisitos para participar:<\/p>\n<ul>\n<li>El concurso comienza el 01\/07\/2022 y termina el 31\/12\/2023<\/li>\n<li>Para participar, debe realizar sus publicaciones en el transcurso del periodo previsto.<\/li>\n<li>Cada mes se sortear\u00e1n las personas ganadoras y ser\u00e1n notificadas por mensaje privado.<\/li>\n<li>El primer premio se sortear\u00e1 una sola vez despu\u00e9s del 31\/12\/2023.<\/li>\n<li>Los premios se enviar\u00e1n a la direcci\u00f3n que usted haya provisto.<\/li>\n<\/ul>\n[\/vc_column_text][\/vc_column][\/vc_row][vc_row disable_element=\u00bbyes\u00bb][vc_column][vc_empty_space height=\u00bb50&#8243;][\/vc_column][\/vc_row][vc_row disable_element=\u00bbyes\u00bb][vc_column][vc_column_text]Cl\u00e1usula de reserva<\/p>\n<p>Buchinger Wilhelmi Development &amp; Holding GmbH se reserva el derecho de adaptar, modificar o cancelar el concurso si es necesario. En caso de modificaci\u00f3n, suspensi\u00f3n o terminaci\u00f3n del concurso por parte de Buchinger Wilhelmi Development &amp; Holding GmbH, las personas participantes no podr\u00e1n reclamar ning\u00fan tipo de compensaci\u00f3n a Buchinger Wilhelmi Development &amp; Holding GmbH.<\/p>\n<p>Pol\u00edtica de privacidad<\/p>\n<p>Los datos personales provistos por las personas participantes se almacenar\u00e1n \u00fanicamente mientras se est\u00e9 desarrollando el concurso y siempre en cumplimiento de las disposiciones de protecci\u00f3n de datos de Buchinger Wilhelmi. Todos los datos personales se eliminar\u00e1n una vez terminado el concurso. No se transmitir\u00e1n datos a terceros.<\/p>\n<p>Ausencia de v\u00ednculo con Instagram, Facebook y LinkedIn<\/p>\n<p>El concurso no tiene ning\u00fan v\u00ednculo con Instagram, Facebook o LinkedIn ni cuenta con ning\u00fan tipo de patrocinio, apoyo u organizaci\u00f3n por parte de Instagram, Facebook o LinkedIn.<\/p>\n<p>La informaci\u00f3n se transmitir\u00e1 a Buchinger Wilhelmi Development &amp; Holding GmbH y no a Instagram, Facebook o LinkedIn. La informaci\u00f3n se utilizar\u00e1 \u00fanicamente para determinar a las personas ganadoras.<\/p>\n<p>Derecho aplicable<\/p>\n<p>Se aplicar\u00e1 de forma exclusiva la legislaci\u00f3n de la Rep\u00fablica Federal de Alemania. La v\u00eda judicial queda excluida.[\/vc_column_text][\/vc_column][\/vc_row]\n<\/div>","protected":false},"excerpt":{"rendered":"<p>Posten Sie Ihre Erfahrungen mit der Buchinger Wilhelmi FASTENBOX in den sozialen Medien und gewinnen Sie.<\/p>\n","protected":false},"author":30,"featured_media":65099,"comment_status":"closed","ping_status":"closed","sticky":false,"template":"","format":"standard","meta":{"_acf_changed":false,"_custom_body_class":"","_custom_post_class":"","_searchwp_excluded":"","inline_featured_image":false,"footnotes":""},"categories":[182],"tags":[],"class_list":["post-75194","post","type-post","status-publish","format-standard","has-post-thumbnail","hentry","category-box-ayuno"],"acf":[],"yoast_head":"<!-- This site is optimized with the Yoast SEO plugin v23.8 - https:\/\/yoast.com\/wordpress\/plugins\/seo\/ -->\n<title>Mant\u00e9ngase en contacto | Buchinger Wilhelmi<\/title>\n<meta name=\"description\" content=\"Aqu\u00ed encontrar\u00e1 las \u00faltimas noticias e informaci\u00f3n sobre nuestras cl\u00ednicas de ayuno en \u00dcberlingen y Marbella.\" \/>\n<meta name=\"robots\" content=\"index, follow, max-snippet:-1, max-image-preview:large, max-video-preview:-1\" \/>\n<link rel=\"canonical\" href=\"https:\/\/www.buchinger-wilhelmi.com\/es\/informacion-noticias\/\" \/>\n<meta property=\"og:locale\" content=\"es_ES\" \/>\n<meta property=\"og:type\" content=\"article\" \/>\n<meta property=\"og:title\" content=\"Mant\u00e9ngase en contacto | Buchinger Wilhelmi\" \/>\n<meta property=\"og:description\" content=\"Aqu\u00ed encontrar\u00e1 las \u00faltimas noticias e informaci\u00f3n sobre nuestras cl\u00ednicas de ayuno en \u00dcberlingen y Marbella.\" \/>\n<meta property=\"og:url\" content=\"https:\/\/www.buchinger-wilhelmi.com\/es\/informacion-noticias\/\" \/>\n<meta property=\"article:publisher\" content=\"https:\/\/www.facebook.com\/BuchingerWilhelmiMarbella\/\" \/>\n<meta property=\"article:published_time\" content=\"2022-06-29T20:53:12+00:00\" \/>\n<meta property=\"article:modified_time\" content=\"2024-08-08T05:49:51+00:00\" \/>\n<meta property=\"og:image\" content=\"https:\/\/www.buchinger-wilhelmi.com\/wp-content\/uploads\/2023\/01\/Salon-7_KORR_web2-scaled.jpg\" \/>\n\t<meta property=\"og:image:width\" content=\"2560\" \/>\n\t<meta property=\"og:image:height\" content=\"1667\" \/>\n\t<meta property=\"og:image:type\" content=\"image\/jpeg\" \/>\n<meta name=\"author\" content=\"Barbara Philipps\" \/>\n<meta name=\"twitter:card\" content=\"summary_large_image\" \/>\n<meta name=\"twitter:label1\" content=\"Escrito por\" \/>\n\t<meta name=\"twitter:data1\" content=\"Barbara Philipps\" \/>\n\t<meta name=\"twitter:label2\" content=\"Tiempo de lectura\" \/>\n\t<meta name=\"twitter:data2\" content=\"5 minutos\" \/>\n<script type=\"application\/ld+json\" class=\"yoast-schema-graph\">{\"@context\":\"https:\/\/schema.org\",\"@graph\":[{\"@type\":\"Article\",\"@id\":\"https:\/\/www.buchinger-wilhelmi.com\/es\/informacion-noticias\/#article\",\"isPartOf\":{\"@id\":\"https:\/\/www.buchinger-wilhelmi.com\/es\/informacion-noticias\/\"},\"author\":{\"name\":\"Barbara Philipps\",\"@id\":\"https:\/\/www.buchinger-wilhelmi.com\/es\/#\/schema\/person\/7a939850a619fa6f7562beac18cbf295\"},\"headline\":\"Infos &#038; News\",\"datePublished\":\"2022-06-29T20:53:12+00:00\",\"dateModified\":\"2024-08-08T05:49:51+00:00\",\"mainEntityOfPage\":{\"@id\":\"https:\/\/www.buchinger-wilhelmi.com\/es\/informacion-noticias\/\"},\"wordCount\":1238,\"publisher\":{\"@id\":\"https:\/\/www.buchinger-wilhelmi.com\/es\/#organization\"},\"image\":{\"@id\":\"https:\/\/www.buchinger-wilhelmi.com\/es\/informacion-noticias\/#primaryimage\"},\"thumbnailUrl\":\"https:\/\/www.buchinger-wilhelmi.com\/wp-content\/uploads\/2023\/01\/Salon-7_KORR_web2-scaled.jpg\",\"articleSection\":[\"BOX AYUNO\"],\"inLanguage\":\"es\"},{\"@type\":\"WebPage\",\"@id\":\"https:\/\/www.buchinger-wilhelmi.com\/es\/informacion-noticias\/\",\"url\":\"https:\/\/www.buchinger-wilhelmi.com\/es\/informacion-noticias\/\",\"name\":\"Mant\u00e9ngase en contacto | Buchinger Wilhelmi\",\"isPartOf\":{\"@id\":\"https:\/\/www.buchinger-wilhelmi.com\/es\/#website\"},\"primaryImageOfPage\":{\"@id\":\"https:\/\/www.buchinger-wilhelmi.com\/es\/informacion-noticias\/#primaryimage\"},\"image\":{\"@id\":\"https:\/\/www.buchinger-wilhelmi.com\/es\/informacion-noticias\/#primaryimage\"},\"thumbnailUrl\":\"https:\/\/www.buchinger-wilhelmi.com\/wp-content\/uploads\/2023\/01\/Salon-7_KORR_web2-scaled.jpg\",\"datePublished\":\"2022-06-29T20:53:12+00:00\",\"dateModified\":\"2024-08-08T05:49:51+00:00\",\"description\":\"Aqu\u00ed encontrar\u00e1 las \u00faltimas noticias e informaci\u00f3n sobre nuestras cl\u00ednicas de ayuno en \u00dcberlingen y Marbella.\",\"breadcrumb\":{\"@id\":\"https:\/\/www.buchinger-wilhelmi.com\/es\/informacion-noticias\/#breadcrumb\"},\"inLanguage\":\"es\",\"potentialAction\":[{\"@type\":\"ReadAction\",\"target\":[\"https:\/\/www.buchinger-wilhelmi.com\/es\/informacion-noticias\/\"]}]},{\"@type\":\"ImageObject\",\"inLanguage\":\"es\",\"@id\":\"https:\/\/www.buchinger-wilhelmi.com\/es\/informacion-noticias\/#primaryimage\",\"url\":\"https:\/\/www.buchinger-wilhelmi.com\/wp-content\/uploads\/2023\/01\/Salon-7_KORR_web2-scaled.jpg\",\"contentUrl\":\"https:\/\/www.buchinger-wilhelmi.com\/wp-content\/uploads\/2023\/01\/Salon-7_KORR_web2-scaled.jpg\",\"width\":2560,\"height\":1667},{\"@type\":\"BreadcrumbList\",\"@id\":\"https:\/\/www.buchinger-wilhelmi.com\/es\/informacion-noticias\/#breadcrumb\",\"itemListElement\":[{\"@type\":\"ListItem\",\"position\":1,\"name\":\"Startseite\",\"item\":\"https:\/\/www.buchinger-wilhelmi.com\/es\/\"},{\"@type\":\"ListItem\",\"position\":2,\"name\":\"Infos &#038; News\"}]},{\"@type\":\"WebSite\",\"@id\":\"https:\/\/www.buchinger-wilhelmi.com\/es\/#website\",\"url\":\"https:\/\/www.buchinger-wilhelmi.com\/es\/\",\"name\":\"\",\"description\":\"\",\"publisher\":{\"@id\":\"https:\/\/www.buchinger-wilhelmi.com\/es\/#organization\"},\"potentialAction\":[{\"@type\":\"SearchAction\",\"target\":{\"@type\":\"EntryPoint\",\"urlTemplate\":\"https:\/\/www.buchinger-wilhelmi.com\/es\/?s={search_term_string}\"},\"query-input\":{\"@type\":\"PropertyValueSpecification\",\"valueRequired\":true,\"valueName\":\"search_term_string\"}}],\"inLanguage\":\"es\"},{\"@type\":\"Organization\",\"@id\":\"https:\/\/www.buchinger-wilhelmi.com\/es\/#organization\",\"name\":\"Buchinger Wilhelmi Holding GmbH & Co.KG\",\"url\":\"https:\/\/www.buchinger-wilhelmi.com\/es\/\",\"logo\":{\"@type\":\"ImageObject\",\"inLanguage\":\"es\",\"@id\":\"https:\/\/www.buchinger-wilhelmi.com\/es\/#\/schema\/logo\/image\/\",\"url\":\"https:\/\/www.buchinger-wilhelmi.com\/wp-content\/uploads\/2018\/04\/BW_Logo_black.png\",\"contentUrl\":\"https:\/\/www.buchinger-wilhelmi.com\/wp-content\/uploads\/2018\/04\/BW_Logo_black.png\",\"width\":303,\"height\":76,\"caption\":\"Buchinger Wilhelmi Holding GmbH & Co.KG\"},\"image\":{\"@id\":\"https:\/\/www.buchinger-wilhelmi.com\/es\/#\/schema\/logo\/image\/\"},\"sameAs\":[\"https:\/\/www.facebook.com\/BuchingerWilhelmiMarbella\/\",\"https:\/\/www.instagram.com\/buchingerwilhelmi\/\",\"https:\/\/www.linkedin.com\/company\/buchingerwilhelmi\/\",\"https:\/\/www.pinterest.de\/buchingerwilhelmi\/\",\"https:\/\/www.youtube.com\/channel\/UC6jETvWDCI_W-VVG2AjxOfw\"]},{\"@type\":\"Person\",\"@id\":\"https:\/\/www.buchinger-wilhelmi.com\/es\/#\/schema\/person\/7a939850a619fa6f7562beac18cbf295\",\"name\":\"Barbara Philipps\"}]}<\/script>\n<!-- \/ Yoast SEO plugin. -->","yoast_head_json":{"title":"Mant\u00e9ngase en contacto | Buchinger Wilhelmi","description":"Aqu\u00ed encontrar\u00e1 las \u00faltimas noticias e informaci\u00f3n sobre nuestras cl\u00ednicas de ayuno en \u00dcberlingen y Marbella.","robots":{"index":"index","follow":"follow","max-snippet":"max-snippet:-1","max-image-preview":"max-image-preview:large","max-video-preview":"max-video-preview:-1"},"canonical":"https:\/\/www.buchinger-wilhelmi.com\/es\/informacion-noticias\/","og_locale":"es_ES","og_type":"article","og_title":"Mant\u00e9ngase en contacto | Buchinger Wilhelmi","og_description":"Aqu\u00ed encontrar\u00e1 las \u00faltimas noticias e informaci\u00f3n sobre nuestras cl\u00ednicas de ayuno en \u00dcberlingen y Marbella.","og_url":"https:\/\/www.buchinger-wilhelmi.com\/es\/informacion-noticias\/","article_publisher":"https:\/\/www.facebook.com\/BuchingerWilhelmiMarbella\/","article_published_time":"2022-06-29T20:53:12+00:00","article_modified_time":"2024-08-08T05:49:51+00:00","og_image":[{"width":2560,"height":1667,"url":"https:\/\/www.buchinger-wilhelmi.com\/wp-content\/uploads\/2023\/01\/Salon-7_KORR_web2-scaled.jpg","type":"image\/jpeg"}],"author":"Barbara Philipps","twitter_card":"summary_large_image","twitter_misc":{"Escrito por":"Barbara Philipps","Tiempo de lectura":"5 minutos"},"schema":{"@context":"https:\/\/schema.org","@graph":[{"@type":"Article","@id":"https:\/\/www.buchinger-wilhelmi.com\/es\/informacion-noticias\/#article","isPartOf":{"@id":"https:\/\/www.buchinger-wilhelmi.com\/es\/informacion-noticias\/"},"author":{"name":"Barbara Philipps","@id":"https:\/\/www.buchinger-wilhelmi.com\/es\/#\/schema\/person\/7a939850a619fa6f7562beac18cbf295"},"headline":"Infos &#038; News","datePublished":"2022-06-29T20:53:12+00:00","dateModified":"2024-08-08T05:49:51+00:00","mainEntityOfPage":{"@id":"https:\/\/www.buchinger-wilhelmi.com\/es\/informacion-noticias\/"},"wordCount":1238,"publisher":{"@id":"https:\/\/www.buchinger-wilhelmi.com\/es\/#organization"},"image":{"@id":"https:\/\/www.buchinger-wilhelmi.com\/es\/informacion-noticias\/#primaryimage"},"thumbnailUrl":"https:\/\/www.buchinger-wilhelmi.com\/wp-content\/uploads\/2023\/01\/Salon-7_KORR_web2-scaled.jpg","articleSection":["BOX AYUNO"],"inLanguage":"es"},{"@type":"WebPage","@id":"https:\/\/www.buchinger-wilhelmi.com\/es\/informacion-noticias\/","url":"https:\/\/www.buchinger-wilhelmi.com\/es\/informacion-noticias\/","name":"Mant\u00e9ngase en contacto | Buchinger Wilhelmi","isPartOf":{"@id":"https:\/\/www.buchinger-wilhelmi.com\/es\/#website"},"primaryImageOfPage":{"@id":"https:\/\/www.buchinger-wilhelmi.com\/es\/informacion-noticias\/#primaryimage"},"image":{"@id":"https:\/\/www.buchinger-wilhelmi.com\/es\/informacion-noticias\/#primaryimage"},"thumbnailUrl":"https:\/\/www.buchinger-wilhelmi.com\/wp-content\/uploads\/2023\/01\/Salon-7_KORR_web2-scaled.jpg","datePublished":"2022-06-29T20:53:12+00:00","dateModified":"2024-08-08T05:49:51+00:00","description":"Aqu\u00ed encontrar\u00e1 las \u00faltimas noticias e informaci\u00f3n sobre nuestras cl\u00ednicas de ayuno en \u00dcberlingen y Marbella.","breadcrumb":{"@id":"https:\/\/www.buchinger-wilhelmi.com\/es\/informacion-noticias\/#breadcrumb"},"inLanguage":"es","potentialAction":[{"@type":"ReadAction","target":["https:\/\/www.buchinger-wilhelmi.com\/es\/informacion-noticias\/"]}]},{"@type":"ImageObject","inLanguage":"es","@id":"https:\/\/www.buchinger-wilhelmi.com\/es\/informacion-noticias\/#primaryimage","url":"https:\/\/www.buchinger-wilhelmi.com\/wp-content\/uploads\/2023\/01\/Salon-7_KORR_web2-scaled.jpg","contentUrl":"https:\/\/www.buchinger-wilhelmi.com\/wp-content\/uploads\/2023\/01\/Salon-7_KORR_web2-scaled.jpg","width":2560,"height":1667},{"@type":"BreadcrumbList","@id":"https:\/\/www.buchinger-wilhelmi.com\/es\/informacion-noticias\/#breadcrumb","itemListElement":[{"@type":"ListItem","position":1,"name":"Startseite","item":"https:\/\/www.buchinger-wilhelmi.com\/es\/"},{"@type":"ListItem","position":2,"name":"Infos &#038; News"}]},{"@type":"WebSite","@id":"https:\/\/www.buchinger-wilhelmi.com\/es\/#website","url":"https:\/\/www.buchinger-wilhelmi.com\/es\/","name":"","description":"","publisher":{"@id":"https:\/\/www.buchinger-wilhelmi.com\/es\/#organization"},"potentialAction":[{"@type":"SearchAction","target":{"@type":"EntryPoint","urlTemplate":"https:\/\/www.buchinger-wilhelmi.com\/es\/?s={search_term_string}"},"query-input":{"@type":"PropertyValueSpecification","valueRequired":true,"valueName":"search_term_string"}}],"inLanguage":"es"},{"@type":"Organization","@id":"https:\/\/www.buchinger-wilhelmi.com\/es\/#organization","name":"Buchinger Wilhelmi Holding GmbH & Co.KG","url":"https:\/\/www.buchinger-wilhelmi.com\/es\/","logo":{"@type":"ImageObject","inLanguage":"es","@id":"https:\/\/www.buchinger-wilhelmi.com\/es\/#\/schema\/logo\/image\/","url":"https:\/\/www.buchinger-wilhelmi.com\/wp-content\/uploads\/2018\/04\/BW_Logo_black.png","contentUrl":"https:\/\/www.buchinger-wilhelmi.com\/wp-content\/uploads\/2018\/04\/BW_Logo_black.png","width":303,"height":76,"caption":"Buchinger Wilhelmi Holding GmbH & Co.KG"},"image":{"@id":"https:\/\/www.buchinger-wilhelmi.com\/es\/#\/schema\/logo\/image\/"},"sameAs":["https:\/\/www.facebook.com\/BuchingerWilhelmiMarbella\/","https:\/\/www.instagram.com\/buchingerwilhelmi\/","https:\/\/www.linkedin.com\/company\/buchingerwilhelmi\/","https:\/\/www.pinterest.de\/buchingerwilhelmi\/","https:\/\/www.youtube.com\/channel\/UC6jETvWDCI_W-VVG2AjxOfw"]},{"@type":"Person","@id":"https:\/\/www.buchinger-wilhelmi.com\/es\/#\/schema\/person\/7a939850a619fa6f7562beac18cbf295","name":"Barbara Philipps"}]}},"_links":{"self":[{"href":"https:\/\/www.buchinger-wilhelmi.com\/es\/wp-json\/wp\/v2\/posts\/75194"}],"collection":[{"href":"https:\/\/www.buchinger-wilhelmi.com\/es\/wp-json\/wp\/v2\/posts"}],"about":[{"href":"https:\/\/www.buchinger-wilhelmi.com\/es\/wp-json\/wp\/v2\/types\/post"}],"author":[{"embeddable":true,"href":"https:\/\/www.buchinger-wilhelmi.com\/es\/wp-json\/wp\/v2\/users\/30"}],"replies":[{"embeddable":true,"href":"https:\/\/www.buchinger-wilhelmi.com\/es\/wp-json\/wp\/v2\/comments?post=75194"}],"version-history":[{"count":7,"href":"https:\/\/www.buchinger-wilhelmi.com\/es\/wp-json\/wp\/v2\/posts\/75194\/revisions"}],"predecessor-version":[{"id":82915,"href":"https:\/\/www.buchinger-wilhelmi.com\/es\/wp-json\/wp\/v2\/posts\/75194\/revisions\/82915"}],"wp:featuredmedia":[{"embeddable":true,"href":"https:\/\/www.buchinger-wilhelmi.com\/es\/wp-json\/wp\/v2\/media\/65099"}],"wp:attachment":[{"href":"https:\/\/www.buchinger-wilhelmi.com\/es\/wp-json\/wp\/v2\/media?parent=75194"}],"wp:term":[{"taxonomy":"category","embeddable":true,"href":"https:\/\/www.buchinger-wilhelmi.com\/es\/wp-json\/wp\/v2\/categories?post=75194"},{"taxonomy":"post_tag","embeddable":true,"href":"https:\/\/www.buchinger-wilhelmi.com\/es\/wp-json\/wp\/v2\/tags?post=75194"}],"curies":[{"name":"wp","href":"https:\/\/api.w.org\/{rel}","templated":true}]}}