{"id":97757,"date":"2026-01-21T08:25:53","date_gmt":"2026-01-21T07:25:53","guid":{"rendered":"https:\/\/www.buchinger-wilhelmi.com\/?p=97757"},"modified":"2026-01-29T14:38:19","modified_gmt":"2026-01-29T13:38:19","slug":"como-influye-el-ayuno-en-el-eje-intestino-cerebro","status":"publish","type":"post","link":"https:\/\/www.buchinger-wilhelmi.com\/es\/como-influye-el-ayuno-en-el-eje-intestino-cerebro\/","title":{"rendered":"\u00bfC\u00f3mo influye el ayuno en el eje intestino-cerebro?"},"content":{"rendered":"<div class=\"wpb-content-wrapper\">[vc_row][vc_column][vc_column_text css=\u00bb\u00bb]EL AYUNO EN EL PUNTO DE MIRA DEL EJE INTESTINO-CEREBRO<\/p>\n<h2>Nuevos planteamientos del primer Congreso de Psiconeuroinmunolog\u00eda<\/h2>\n[\/vc_column_text][vc_empty_space][\/vc_column][\/vc_row][vc_row][vc_column][vc_empty_space height=\u00bb12px\u00bb][vc_column_text css=\u00bb\u00bb]En el primer Congreso Internacional de la Sociedad Cient\u00edfica de Psiconeuroinmunolog\u00eda celebrado en Granada el 14 de noviembre de 2025, nuestro director cient\u00edfico, el Dr. Robin Mesnage, present\u00f3 nuevos hallazgos sobre c\u00f3mo el ayuno afecta a la interacci\u00f3n entre el intestino, el sistema inmunitario y el cerebro. El evento reuni\u00f3 a investigadores de los campos de las neurociencias, la inmunolog\u00eda y el metabolismo y puso de manifiesto la estrecha relaci\u00f3n que existe entre estos sistemas y c\u00f3mo las formas de ayuno estructuradas pueden influir positivamente en dichas conexiones. Los estudios modernos respaldan cada vez m\u00e1s esta visi\u00f3n hol\u00edstica.[\/vc_column_text][vc_empty_space height=\u00bb12px\u00bb][vc_column_text css=\u00bb\u00bb]Desde hace ya tiempo, el ayuno se considera una de las estrategias m\u00e1s fiables para promover <a href=\"https:\/\/www.buchinger-wilhelmi.com\/en\/longevity\/\" target=\"_blank\" rel=\"noopener\">una longevidad saludable<\/a>, tal como se ha observado en muchas especies. Desde organismos sencillos hasta los mam\u00edferos, la restricci\u00f3n r\u00edtmica de la ingesta de alimentos puede prolongar la esperanza de vida, promover la flexibilidad metab\u00f3lica y activar profundos procesos de reparaci\u00f3n celular. Muchos de estos cambios comienzan en el intestino, un punto clave para el metabolismo y la inmunidad, desde donde se extienden al sistema inmunitario y al sistema nervioso. Estas conexiones ayudan a comprender la influencia de la alimentaci\u00f3n en el eje intestino-cerebro, as\u00ed como su importancia para la comunicaci\u00f3n interna del cuerpo.[\/vc_column_text][\/vc_column][\/vc_row][vc_row][vc_column][vc_empty_space][\/vc_column][\/vc_row][vc_row][vc_column][vc_empty_space height=\u00bb12px\u00bb][vc_column_text css=\u00bb\u00bb]\n\n[\/vc_column_text][vc_empty_space height=\u00bb64px\u00bb][\/vc_column][\/vc_row][vc_row][vc_column][vc_empty_space][vc_column_text css=\u00bb\u00bb]\n<h3>El intestino como centro del metabolismo y del sistema inmunitario<\/h3>\n[\/vc_column_text][vc_empty_space][\/vc_column][\/vc_row][vc_row][vc_column width=\u00bb1\/2&#8243;][vc_empty_space height=\u00bb12px\u00bb][vc_column_text css=\u00bb\u00bb]El intestino alberga un complejo ecosistema microbiano, gran parte del sistema inmunitario y el sistema nervioso ent\u00e9rico, a menudo denominado \u00absegundo cerebro\u00bb. Cuando la ingesta de alimentos cambia durante el ayuno, esta zona reacciona con especial rapidez. Las comunidades microbianas se reorganizan, la actividad digestiva se ralentiza y la mucosa intestinal inicia procesos naturales de regeneraci\u00f3n. Estos cambios afectan tambi\u00e9n al sistema inmunitario. Aproximadamente el 70 % de todas las c\u00e9lulas inmunitarias se encuentran en el intestino o en sus inmediaciones y reaccionan de forma sensible al entorno microbiano y nutricional correspondiente.[\/vc_column_text][\/vc_column][vc_column width=\u00bb1\/2&#8243;][vc_empty_space height=\u00bb20px\u00bb][vc_single_image image=\u00bb37123&#8243; img_size=\u00bbfull\u00bb css=\u00bb\u00bb][vc_empty_space height=\u00bb20px\u00bb][\/vc_column][\/vc_row][vc_row][vc_column][vc_empty_space height=\u00bb12px\u00bb][vc_column_text css=\u00bb\u00bb]Durante el ayuno, aqu\u00ed se produce a menudo una estabilizaci\u00f3n de los procesos inflamatorios hiperactivos. Estudios en humanos y animales muestran que los marcadores de inflamaci\u00f3n se pueden reducir, sobre todo en personas con un nivel de inflamaci\u00f3n inicial elevado. Asimismo, hay indicios de la existencia de una situaci\u00f3n metab\u00f3lica m\u00e1s estable en personas con una activaci\u00f3n inmunol\u00f3gica cr\u00f3nica. Estas reacciones adaptativas son el centro de atenci\u00f3n de la psiconeuroinmunolog\u00eda, el campo de investigaci\u00f3n que estudia c\u00f3mo influye el sistema inmunitario en el cerebro y en el comportamiento.[\/vc_column_text][vc_empty_space height=\u00bb64px\u00bb][\/vc_column][\/vc_row][vc_row css=\u00bb.vc_custom_1761573672180{padding-top: 30px !important;padding-right: 30px !important;padding-bottom: 30px !important;padding-left: 30px !important;background-color: #F8F8F6 !important;}\u00bb][vc_column][vc_column_text css=\u00bb.vc_custom_1768980998586{padding-top: 30px !important;padding-right: 30px !important;padding-bottom: 30px !important;padding-left: 30px !important;background-color: #F8F8F6 !important;}\u00bb]\n<h3>El eje intestino-cerebro durante el ayuno<\/h3>\n<p>El eje intestino-cerebro es un sistema de comunicaci\u00f3n bidireccional entre el intestino y el cerebro que funciona a trav\u00e9s de v\u00edas nerviosas, mensajeros inmunitarios y productos metab\u00f3licos de microorganismos. Cuando el ayuno modifica la actividad intestinal, cambian tambi\u00e9n las se\u00f1ales que se transmiten al cerebro.<\/p>\n<p>Ciertos microbios, cuya presencia aumenta durante el ayuno, producen \u00e1cidos grasos de cadena corta y otras sustancias que pueden tener un efecto positivo en las funciones cerebrales. Al mismo tiempo, una respuesta inmunitaria m\u00e1s sosegada en el intestino genera menos se\u00f1ales inflamatorias, que afectan al estado de \u00e1nimo, a los procesos de pensamiento y a la gesti\u00f3n del estr\u00e9s. Por tanto, el ayuno no act\u00faa de forma aislada en zonas concretas, sino que inicia una reorientaci\u00f3n coordinada a trav\u00e9s de varios sistemas interconectados.[\/vc_column_text][\/vc_column][\/vc_row][vc_row][vc_column][vc_empty_space height=\u00bb64px\u00bb][\/vc_column][\/vc_row][vc_row][vc_column][vc_column_text css=\u00bb\u00bb]\n<h3>El microbioma oral y el cerebro: una conexi\u00f3n a menudo olvidada<\/h3>\n[\/vc_column_text][\/vc_column][\/vc_row][vc_row][vc_column][vc_empty_space height=\u00bb22px\u00bb][vc_column_text css=\u00bb\u00bb]El microbioma de la boca, es decir, la totalidad de los microorganismos que viven en ella, desempe\u00f1a un papel importante en la salud cardiovascular y mental, al que, sin embargo, la investigaci\u00f3n no siempre presta atenci\u00f3n.<\/p>\n<p>Estudios recientes demuestran que ciertas bacterias de la boca productoras de azufre pueden influir en los procesos inflamatorios y que el ayuno modifica la composici\u00f3n de esta comunidad microbiana. Este hallazgo sugiere que el ayuno tambi\u00e9n puede desencadenar procesos en la cavidad bucal que favorecen cambios metab\u00f3licos e inmunol\u00f3gicos m\u00e1s amplios, adem\u00e1s de los efectos en el intestino.<br \/>\nComo la boca y el intestino forman un tracto digestivo interconectado que se comunica continuamente con el sistema inmunitario y el cerebro, la consideraci\u00f3n conjunta de ambas \u00e1reas proporciona una visi\u00f3n m\u00e1s completa de c\u00f3mo el ayuno afecta a la salud en varios niveles interrelacionados.[\/vc_column_text][vc_empty_space][\/vc_column][\/vc_row][vc_row][vc_column][vc_empty_space][\/vc_column][\/vc_row][vc_row][vc_column][vc_column_text css=\u00bb\u00bb]\n<h3>Reconocer las conexiones<\/h3>\n<p>La psiconeuroinmunolog\u00eda se\u00f1ala claramente que el cuerpo no est\u00e1 compuesto por sistemas separados, sino que act\u00faa como un todo interconectado. Al analizar conjuntamente el metabolismo, la actividad inmunol\u00f3gica y las funciones cerebrales, se hacen visibles patrones que antes parec\u00edan complejos o contradictorios.<\/p>\n<p>El congreso de Granada present\u00f3 este campo de investigaci\u00f3n integrador y mostr\u00f3 c\u00f3mo los factores relacionados con el estilo de vida, en particular la alimentaci\u00f3n, influyen en la comunicaci\u00f3n entre el intestino, el sistema inmunitario y el cerebro.<br \/>\nEn este contexto, el ayuno cobra especial relevancia al ilustrar c\u00f3mo una sola intervenci\u00f3n puede influir al mismo tiempo en varios sistemas: desde la composici\u00f3n de las comunidades microbianas hasta mensajes inmunitarios m\u00e1s estables y se\u00f1ales neuronales modificadas. Estas respuestas coordinadas indican que el ayuno puede contribuir a promover una comunicaci\u00f3n saludable dentro de las redes reguladoras centrales del cuerpo.[\/vc_column_text][\/vc_column][\/vc_row][vc_row][vc_column][vc_empty_space height=\u00bb64px\u00bb][\/vc_column][\/vc_row][vc_row css=\u00bb.vc_custom_1761225156646{padding-top: 30px !important;padding-right: 30px !important;padding-bottom: 30px !important;padding-left: 30px !important;background-color: #F8F8F6 !important;}\u00bb][vc_column][vc_column_text css=\u00bb\u00bb]Esto tambi\u00e9n podr\u00eda interesarle:[\/vc_column_text][vc_empty_space height=\u00bb24px\u00bb]<div class=\"norebro-button-sc btn-wrap text-left\" \n\tid=\"norebro-custom-69f5cb3774831\"\n\t \n\t>\n\n\t<a href=\"https:\/\/www.buchinger-wilhelmi.com\/es\/wissenschaft\/\" target=\"_blank\" \n\t\tclass=\"btn  btn-outline\">\n\n\t\t\n\t\t<span class=\"text\">\n\t\t\tDocumentaci\u00f3n cient\u00edfica\t\t<\/span>\n\n\t\t\n\t\t\t<\/a>\n\n<\/div>[vc_empty_space height=\u00bb24px\u00bb]<div class=\"norebro-button-sc btn-wrap text-left\" \n\tid=\"norebro-custom-69f5cb3774884\"\n\t \n\t>\n\n\t<a href=\"https:\/\/www.buchinger-wilhelmi.com\/es\/los-efectos-del-ayuno-en-el-ecosistema-intestinal\/\" target=\"_blank\" \n\t\tclass=\"btn  btn-outline\">\n\n\t\t\n\t\t<span class=\"text\">\n\t\t\tAyuno para el intestino\t\t<\/span>\n\n\t\t\n\t\t\t<\/a>\n\n<\/div>[\/vc_column][\/vc_row]\n<\/div>","protected":false},"excerpt":{"rendered":"<p>En el primer Congreso Internacional de Psiconeuroinmunolog\u00eda en Granada, el Dr. Robin Mesnage present\u00f3 nuevos hallazgos sobre c\u00f3mo el ayuno influye en el intestino, el sistema inmunitario y el cerebro.<\/p>\n","protected":false},"author":47,"featured_media":98894,"comment_status":"closed","ping_status":"closed","sticky":false,"template":"","format":"standard","meta":{"_acf_changed":false,"_custom_body_class":"","_custom_post_class":"","_searchwp_excluded":"","inline_featured_image":false,"footnotes":""},"categories":[79,187,230],"tags":[],"class_list":["post-97757","post","type-post","status-publish","format-standard","has-post-thumbnail","hentry","category-news","category-fasten-studien-es","category-guia-del-ayuno"],"acf":[],"yoast_head":"<!-- This site is optimized with the Yoast SEO plugin v23.8 - https:\/\/yoast.com\/wordpress\/plugins\/seo\/ -->\n<title>\u00bfC\u00f3mo influye el ayuno en el eje intestino-cerebro?<\/title>\n<meta name=\"description\" content=\"\u00bfC\u00f3mo influye el ayuno en el eje intestino-cerebro? La ciencia muestra c\u00f3mo puede armonizar intestino, sistema inmunitario y cerebro.\" \/>\n<meta name=\"robots\" content=\"index, follow, max-snippet:-1, max-image-preview:large, max-video-preview:-1\" \/>\n<link rel=\"canonical\" href=\"https:\/\/www.buchinger-wilhelmi.com\/es\/como-influye-el-ayuno-en-el-eje-intestino-cerebro\/\" \/>\n<meta property=\"og:locale\" content=\"es_ES\" \/>\n<meta property=\"og:type\" content=\"article\" \/>\n<meta property=\"og:title\" content=\"\u00bfC\u00f3mo influye el ayuno en el eje intestino-cerebro?\" \/>\n<meta property=\"og:description\" content=\"\u00bfC\u00f3mo influye el ayuno en el eje intestino-cerebro? La ciencia muestra c\u00f3mo puede armonizar intestino, sistema inmunitario y cerebro.\" \/>\n<meta property=\"og:url\" content=\"https:\/\/www.buchinger-wilhelmi.com\/es\/como-influye-el-ayuno-en-el-eje-intestino-cerebro\/\" \/>\n<meta property=\"article:publisher\" content=\"https:\/\/www.facebook.com\/BuchingerWilhelmiMarbella\/\" \/>\n<meta property=\"article:published_time\" content=\"2026-01-21T07:25:53+00:00\" \/>\n<meta property=\"article:modified_time\" content=\"2026-01-29T13:38:19+00:00\" \/>\n<meta property=\"og:image\" content=\"https:\/\/www.buchinger-wilhelmi.com\/wp-content\/uploads\/2026\/01\/Mikrobiom_07-scaled-2-e1769681730244.jpg\" \/>\n\t<meta property=\"og:image:width\" content=\"1366\" \/>\n\t<meta property=\"og:image:height\" content=\"2048\" \/>\n\t<meta property=\"og:image:type\" content=\"image\/jpeg\" \/>\n<meta name=\"author\" content=\"s.steiner\" \/>\n<meta name=\"twitter:card\" content=\"summary_large_image\" \/>\n<meta name=\"twitter:label1\" content=\"Escrito por\" \/>\n\t<meta name=\"twitter:data1\" content=\"s.steiner\" \/>\n\t<meta name=\"twitter:label2\" content=\"Tiempo de lectura\" \/>\n\t<meta name=\"twitter:data2\" content=\"6 minutos\" \/>\n<script type=\"application\/ld+json\" class=\"yoast-schema-graph\">{\"@context\":\"https:\/\/schema.org\",\"@graph\":[{\"@type\":\"Article\",\"@id\":\"https:\/\/www.buchinger-wilhelmi.com\/es\/como-influye-el-ayuno-en-el-eje-intestino-cerebro\/#article\",\"isPartOf\":{\"@id\":\"https:\/\/www.buchinger-wilhelmi.com\/es\/como-influye-el-ayuno-en-el-eje-intestino-cerebro\/\"},\"author\":{\"name\":\"s.steiner\",\"@id\":\"https:\/\/www.buchinger-wilhelmi.com\/es\/#\/schema\/person\/138073313c0a5c49a64dbaba5cb53f70\"},\"headline\":\"\u00bfC\u00f3mo influye el ayuno en el eje intestino-cerebro?\",\"datePublished\":\"2026-01-21T07:25:53+00:00\",\"dateModified\":\"2026-01-29T13:38:19+00:00\",\"mainEntityOfPage\":{\"@id\":\"https:\/\/www.buchinger-wilhelmi.com\/es\/como-influye-el-ayuno-en-el-eje-intestino-cerebro\/\"},\"wordCount\":1392,\"publisher\":{\"@id\":\"https:\/\/www.buchinger-wilhelmi.com\/es\/#organization\"},\"image\":{\"@id\":\"https:\/\/www.buchinger-wilhelmi.com\/es\/como-influye-el-ayuno-en-el-eje-intestino-cerebro\/#primaryimage\"},\"thumbnailUrl\":\"https:\/\/www.buchinger-wilhelmi.com\/wp-content\/uploads\/2026\/01\/Mikrobiom_07-scaled-2-e1769681730244.jpg\",\"articleSection\":[\"Actualidad\",\"Estudios sobre el ayuno\",\"Gu\u00eda del ayuno\"],\"inLanguage\":\"es\"},{\"@type\":\"WebPage\",\"@id\":\"https:\/\/www.buchinger-wilhelmi.com\/es\/como-influye-el-ayuno-en-el-eje-intestino-cerebro\/\",\"url\":\"https:\/\/www.buchinger-wilhelmi.com\/es\/como-influye-el-ayuno-en-el-eje-intestino-cerebro\/\",\"name\":\"\u00bfC\u00f3mo influye el ayuno en el eje intestino-cerebro?\",\"isPartOf\":{\"@id\":\"https:\/\/www.buchinger-wilhelmi.com\/es\/#website\"},\"primaryImageOfPage\":{\"@id\":\"https:\/\/www.buchinger-wilhelmi.com\/es\/como-influye-el-ayuno-en-el-eje-intestino-cerebro\/#primaryimage\"},\"image\":{\"@id\":\"https:\/\/www.buchinger-wilhelmi.com\/es\/como-influye-el-ayuno-en-el-eje-intestino-cerebro\/#primaryimage\"},\"thumbnailUrl\":\"https:\/\/www.buchinger-wilhelmi.com\/wp-content\/uploads\/2026\/01\/Mikrobiom_07-scaled-2-e1769681730244.jpg\",\"datePublished\":\"2026-01-21T07:25:53+00:00\",\"dateModified\":\"2026-01-29T13:38:19+00:00\",\"description\":\"\u00bfC\u00f3mo influye el ayuno en el eje intestino-cerebro? La ciencia muestra c\u00f3mo puede armonizar intestino, sistema inmunitario y cerebro.\",\"breadcrumb\":{\"@id\":\"https:\/\/www.buchinger-wilhelmi.com\/es\/como-influye-el-ayuno-en-el-eje-intestino-cerebro\/#breadcrumb\"},\"inLanguage\":\"es\",\"potentialAction\":[{\"@type\":\"ReadAction\",\"target\":[\"https:\/\/www.buchinger-wilhelmi.com\/es\/como-influye-el-ayuno-en-el-eje-intestino-cerebro\/\"]}]},{\"@type\":\"ImageObject\",\"inLanguage\":\"es\",\"@id\":\"https:\/\/www.buchinger-wilhelmi.com\/es\/como-influye-el-ayuno-en-el-eje-intestino-cerebro\/#primaryimage\",\"url\":\"https:\/\/www.buchinger-wilhelmi.com\/wp-content\/uploads\/2026\/01\/Mikrobiom_07-scaled-2-e1769681730244.jpg\",\"contentUrl\":\"https:\/\/www.buchinger-wilhelmi.com\/wp-content\/uploads\/2026\/01\/Mikrobiom_07-scaled-2-e1769681730244.jpg\",\"width\":1366,\"height\":2048},{\"@type\":\"BreadcrumbList\",\"@id\":\"https:\/\/www.buchinger-wilhelmi.com\/es\/como-influye-el-ayuno-en-el-eje-intestino-cerebro\/#breadcrumb\",\"itemListElement\":[{\"@type\":\"ListItem\",\"position\":1,\"name\":\"Startseite\",\"item\":\"https:\/\/www.buchinger-wilhelmi.com\/es\/\"},{\"@type\":\"ListItem\",\"position\":2,\"name\":\"\u00bfC\u00f3mo influye el ayuno en el eje intestino-cerebro?\"}]},{\"@type\":\"WebSite\",\"@id\":\"https:\/\/www.buchinger-wilhelmi.com\/es\/#website\",\"url\":\"https:\/\/www.buchinger-wilhelmi.com\/es\/\",\"name\":\"\",\"description\":\"\",\"publisher\":{\"@id\":\"https:\/\/www.buchinger-wilhelmi.com\/es\/#organization\"},\"potentialAction\":[{\"@type\":\"SearchAction\",\"target\":{\"@type\":\"EntryPoint\",\"urlTemplate\":\"https:\/\/www.buchinger-wilhelmi.com\/es\/?s={search_term_string}\"},\"query-input\":{\"@type\":\"PropertyValueSpecification\",\"valueRequired\":true,\"valueName\":\"search_term_string\"}}],\"inLanguage\":\"es\"},{\"@type\":\"Organization\",\"@id\":\"https:\/\/www.buchinger-wilhelmi.com\/es\/#organization\",\"name\":\"Buchinger Wilhelmi Holding GmbH & Co.KG\",\"url\":\"https:\/\/www.buchinger-wilhelmi.com\/es\/\",\"logo\":{\"@type\":\"ImageObject\",\"inLanguage\":\"es\",\"@id\":\"https:\/\/www.buchinger-wilhelmi.com\/es\/#\/schema\/logo\/image\/\",\"url\":\"https:\/\/www.buchinger-wilhelmi.com\/wp-content\/uploads\/2018\/04\/BW_Logo_black.png\",\"contentUrl\":\"https:\/\/www.buchinger-wilhelmi.com\/wp-content\/uploads\/2018\/04\/BW_Logo_black.png\",\"width\":303,\"height\":76,\"caption\":\"Buchinger Wilhelmi Holding GmbH & Co.KG\"},\"image\":{\"@id\":\"https:\/\/www.buchinger-wilhelmi.com\/es\/#\/schema\/logo\/image\/\"},\"sameAs\":[\"https:\/\/www.facebook.com\/BuchingerWilhelmiMarbella\/\",\"https:\/\/www.instagram.com\/buchingerwilhelmi\/\",\"https:\/\/www.linkedin.com\/company\/buchingerwilhelmi\/\",\"https:\/\/www.pinterest.de\/buchingerwilhelmi\/\",\"https:\/\/www.youtube.com\/channel\/UC6jETvWDCI_W-VVG2AjxOfw\"]},{\"@type\":\"Person\",\"@id\":\"https:\/\/www.buchinger-wilhelmi.com\/es\/#\/schema\/person\/138073313c0a5c49a64dbaba5cb53f70\",\"name\":\"s.steiner\"}]}<\/script>\n<!-- \/ Yoast SEO plugin. -->","yoast_head_json":{"title":"\u00bfC\u00f3mo influye el ayuno en el eje intestino-cerebro?","description":"\u00bfC\u00f3mo influye el ayuno en el eje intestino-cerebro? La ciencia muestra c\u00f3mo puede armonizar intestino, sistema inmunitario y cerebro.","robots":{"index":"index","follow":"follow","max-snippet":"max-snippet:-1","max-image-preview":"max-image-preview:large","max-video-preview":"max-video-preview:-1"},"canonical":"https:\/\/www.buchinger-wilhelmi.com\/es\/como-influye-el-ayuno-en-el-eje-intestino-cerebro\/","og_locale":"es_ES","og_type":"article","og_title":"\u00bfC\u00f3mo influye el ayuno en el eje intestino-cerebro?","og_description":"\u00bfC\u00f3mo influye el ayuno en el eje intestino-cerebro? La ciencia muestra c\u00f3mo puede armonizar intestino, sistema inmunitario y cerebro.","og_url":"https:\/\/www.buchinger-wilhelmi.com\/es\/como-influye-el-ayuno-en-el-eje-intestino-cerebro\/","article_publisher":"https:\/\/www.facebook.com\/BuchingerWilhelmiMarbella\/","article_published_time":"2026-01-21T07:25:53+00:00","article_modified_time":"2026-01-29T13:38:19+00:00","og_image":[{"width":1366,"height":2048,"url":"https:\/\/www.buchinger-wilhelmi.com\/wp-content\/uploads\/2026\/01\/Mikrobiom_07-scaled-2-e1769681730244.jpg","type":"image\/jpeg"}],"author":"s.steiner","twitter_card":"summary_large_image","twitter_misc":{"Escrito por":"s.steiner","Tiempo de lectura":"6 minutos"},"schema":{"@context":"https:\/\/schema.org","@graph":[{"@type":"Article","@id":"https:\/\/www.buchinger-wilhelmi.com\/es\/como-influye-el-ayuno-en-el-eje-intestino-cerebro\/#article","isPartOf":{"@id":"https:\/\/www.buchinger-wilhelmi.com\/es\/como-influye-el-ayuno-en-el-eje-intestino-cerebro\/"},"author":{"name":"s.steiner","@id":"https:\/\/www.buchinger-wilhelmi.com\/es\/#\/schema\/person\/138073313c0a5c49a64dbaba5cb53f70"},"headline":"\u00bfC\u00f3mo influye el ayuno en el eje intestino-cerebro?","datePublished":"2026-01-21T07:25:53+00:00","dateModified":"2026-01-29T13:38:19+00:00","mainEntityOfPage":{"@id":"https:\/\/www.buchinger-wilhelmi.com\/es\/como-influye-el-ayuno-en-el-eje-intestino-cerebro\/"},"wordCount":1392,"publisher":{"@id":"https:\/\/www.buchinger-wilhelmi.com\/es\/#organization"},"image":{"@id":"https:\/\/www.buchinger-wilhelmi.com\/es\/como-influye-el-ayuno-en-el-eje-intestino-cerebro\/#primaryimage"},"thumbnailUrl":"https:\/\/www.buchinger-wilhelmi.com\/wp-content\/uploads\/2026\/01\/Mikrobiom_07-scaled-2-e1769681730244.jpg","articleSection":["Actualidad","Estudios sobre el ayuno","Gu\u00eda del ayuno"],"inLanguage":"es"},{"@type":"WebPage","@id":"https:\/\/www.buchinger-wilhelmi.com\/es\/como-influye-el-ayuno-en-el-eje-intestino-cerebro\/","url":"https:\/\/www.buchinger-wilhelmi.com\/es\/como-influye-el-ayuno-en-el-eje-intestino-cerebro\/","name":"\u00bfC\u00f3mo influye el ayuno en el eje intestino-cerebro?","isPartOf":{"@id":"https:\/\/www.buchinger-wilhelmi.com\/es\/#website"},"primaryImageOfPage":{"@id":"https:\/\/www.buchinger-wilhelmi.com\/es\/como-influye-el-ayuno-en-el-eje-intestino-cerebro\/#primaryimage"},"image":{"@id":"https:\/\/www.buchinger-wilhelmi.com\/es\/como-influye-el-ayuno-en-el-eje-intestino-cerebro\/#primaryimage"},"thumbnailUrl":"https:\/\/www.buchinger-wilhelmi.com\/wp-content\/uploads\/2026\/01\/Mikrobiom_07-scaled-2-e1769681730244.jpg","datePublished":"2026-01-21T07:25:53+00:00","dateModified":"2026-01-29T13:38:19+00:00","description":"\u00bfC\u00f3mo influye el ayuno en el eje intestino-cerebro? La ciencia muestra c\u00f3mo puede armonizar intestino, sistema inmunitario y cerebro.","breadcrumb":{"@id":"https:\/\/www.buchinger-wilhelmi.com\/es\/como-influye-el-ayuno-en-el-eje-intestino-cerebro\/#breadcrumb"},"inLanguage":"es","potentialAction":[{"@type":"ReadAction","target":["https:\/\/www.buchinger-wilhelmi.com\/es\/como-influye-el-ayuno-en-el-eje-intestino-cerebro\/"]}]},{"@type":"ImageObject","inLanguage":"es","@id":"https:\/\/www.buchinger-wilhelmi.com\/es\/como-influye-el-ayuno-en-el-eje-intestino-cerebro\/#primaryimage","url":"https:\/\/www.buchinger-wilhelmi.com\/wp-content\/uploads\/2026\/01\/Mikrobiom_07-scaled-2-e1769681730244.jpg","contentUrl":"https:\/\/www.buchinger-wilhelmi.com\/wp-content\/uploads\/2026\/01\/Mikrobiom_07-scaled-2-e1769681730244.jpg","width":1366,"height":2048},{"@type":"BreadcrumbList","@id":"https:\/\/www.buchinger-wilhelmi.com\/es\/como-influye-el-ayuno-en-el-eje-intestino-cerebro\/#breadcrumb","itemListElement":[{"@type":"ListItem","position":1,"name":"Startseite","item":"https:\/\/www.buchinger-wilhelmi.com\/es\/"},{"@type":"ListItem","position":2,"name":"\u00bfC\u00f3mo influye el ayuno en el eje intestino-cerebro?"}]},{"@type":"WebSite","@id":"https:\/\/www.buchinger-wilhelmi.com\/es\/#website","url":"https:\/\/www.buchinger-wilhelmi.com\/es\/","name":"","description":"","publisher":{"@id":"https:\/\/www.buchinger-wilhelmi.com\/es\/#organization"},"potentialAction":[{"@type":"SearchAction","target":{"@type":"EntryPoint","urlTemplate":"https:\/\/www.buchinger-wilhelmi.com\/es\/?s={search_term_string}"},"query-input":{"@type":"PropertyValueSpecification","valueRequired":true,"valueName":"search_term_string"}}],"inLanguage":"es"},{"@type":"Organization","@id":"https:\/\/www.buchinger-wilhelmi.com\/es\/#organization","name":"Buchinger Wilhelmi Holding GmbH & Co.KG","url":"https:\/\/www.buchinger-wilhelmi.com\/es\/","logo":{"@type":"ImageObject","inLanguage":"es","@id":"https:\/\/www.buchinger-wilhelmi.com\/es\/#\/schema\/logo\/image\/","url":"https:\/\/www.buchinger-wilhelmi.com\/wp-content\/uploads\/2018\/04\/BW_Logo_black.png","contentUrl":"https:\/\/www.buchinger-wilhelmi.com\/wp-content\/uploads\/2018\/04\/BW_Logo_black.png","width":303,"height":76,"caption":"Buchinger Wilhelmi Holding GmbH & Co.KG"},"image":{"@id":"https:\/\/www.buchinger-wilhelmi.com\/es\/#\/schema\/logo\/image\/"},"sameAs":["https:\/\/www.facebook.com\/BuchingerWilhelmiMarbella\/","https:\/\/www.instagram.com\/buchingerwilhelmi\/","https:\/\/www.linkedin.com\/company\/buchingerwilhelmi\/","https:\/\/www.pinterest.de\/buchingerwilhelmi\/","https:\/\/www.youtube.com\/channel\/UC6jETvWDCI_W-VVG2AjxOfw"]},{"@type":"Person","@id":"https:\/\/www.buchinger-wilhelmi.com\/es\/#\/schema\/person\/138073313c0a5c49a64dbaba5cb53f70","name":"s.steiner"}]}},"_links":{"self":[{"href":"https:\/\/www.buchinger-wilhelmi.com\/es\/wp-json\/wp\/v2\/posts\/97757"}],"collection":[{"href":"https:\/\/www.buchinger-wilhelmi.com\/es\/wp-json\/wp\/v2\/posts"}],"about":[{"href":"https:\/\/www.buchinger-wilhelmi.com\/es\/wp-json\/wp\/v2\/types\/post"}],"author":[{"embeddable":true,"href":"https:\/\/www.buchinger-wilhelmi.com\/es\/wp-json\/wp\/v2\/users\/47"}],"replies":[{"embeddable":true,"href":"https:\/\/www.buchinger-wilhelmi.com\/es\/wp-json\/wp\/v2\/comments?post=97757"}],"version-history":[{"count":5,"href":"https:\/\/www.buchinger-wilhelmi.com\/es\/wp-json\/wp\/v2\/posts\/97757\/revisions"}],"predecessor-version":[{"id":98917,"href":"https:\/\/www.buchinger-wilhelmi.com\/es\/wp-json\/wp\/v2\/posts\/97757\/revisions\/98917"}],"wp:featuredmedia":[{"embeddable":true,"href":"https:\/\/www.buchinger-wilhelmi.com\/es\/wp-json\/wp\/v2\/media\/98894"}],"wp:attachment":[{"href":"https:\/\/www.buchinger-wilhelmi.com\/es\/wp-json\/wp\/v2\/media?parent=97757"}],"wp:term":[{"taxonomy":"category","embeddable":true,"href":"https:\/\/www.buchinger-wilhelmi.com\/es\/wp-json\/wp\/v2\/categories?post=97757"},{"taxonomy":"post_tag","embeddable":true,"href":"https:\/\/www.buchinger-wilhelmi.com\/es\/wp-json\/wp\/v2\/tags?post=97757"}],"curies":[{"name":"wp","href":"https:\/\/api.w.org\/{rel}","templated":true}]}}