{"id":47168,"date":"2022-01-25T16:29:17","date_gmt":"2022-01-25T15:29:17","guid":{"rendered":"https:\/\/www.buchinger-wilhelmi.com\/?p=47168"},"modified":"2022-01-27T21:30:37","modified_gmt":"2022-01-27T20:30:37","slug":"nouvelles-therapies","status":"publish","type":"post","link":"https:\/\/www.buchinger-wilhelmi.com\/fr\/nouvelles-therapies\/","title":{"rendered":"Nouvelles th\u00e9rapies"},"content":{"rendered":"<div class=\"wpb-content-wrapper\">[vc_row][vc_column][vc_column_text css=\u00a0\u00bb.vc_custom_1643133047357{margin-top: 30px !important;margin-bottom: 30px !important;}\u00a0\u00bb]\n<h2><strong>Nouvelles offres th\u00e9rapeutiques 2022 au service de votre sant\u00e9<\/strong><\/h2>\n[\/vc_column_text][\/vc_column][\/vc_row][vc_row][vc_column width=\u00a0\u00bb2\/3&Prime;][vc_column_text css=\u00a0\u00bb.vc_custom_1643133064647{margin-top: 0px !important;margin-bottom: 30px !important;}\u00a0\u00bb]R\u00e9solument holistique, notre concept englobe tous les aspects de votre s\u00e9jour : le je\u00fbne th\u00e9rapeutique, les prestations m\u00e9dicales, les applications th\u00e9rapeutiques comme nos offres plurielles, ciblant corps et \u00e2me, tout \u00e9tant li\u00e9 et parfaitement coordonn\u00e9 avec le plus grand soin. Afin de pouvoir encore mieux satisfaire vos besoins, nous continuons sans rel\u00e2che \u00e0 d\u00e9velopper notre concept.<\/p>\n<p>Nos derni\u00e8res nouveaut\u00e9s :[\/vc_column_text][\/vc_column][vc_column width=\u00a0\u00bb1\/3&Prime;][vc_single_image image=\u00a0\u00bb47105&Prime; img_size=\u00a0\u00bblarge\u00a0\u00bb onclick=\u00a0\u00bbimg_link_large\u00a0\u00bb][\/vc_column][\/vc_row][vc_row][vc_column][vc_column_text css=\u00a0\u00bb.vc_custom_1643133110647{margin-top: 30px !important;margin-bottom: 30px !important;}\u00a0\u00bb]\n<h3><strong>Nouvelles m\u00e9thodes de traitement et de diagnostic \u00e0 \u00dcberlingen <\/strong><\/h3>\n<p><strong>Succ\u00e8s th\u00e9rapeutique maximis\u00e9 gr\u00e2ce \u00e0 des m\u00e9thodes diagnostiques suppl\u00e9mentaires <\/strong><\/p>\n<p>Outre l\u2019entretien individuel avec nos m\u00e9decins, notre plan de th\u00e9rapie personnalis\u00e9 s\u2019appuie sur un diagnostic approfondi. C\u2019est le seul moyen d\u2019optimiser les succ\u00e8s th\u00e9rapeutiques. Derni\u00e8res nouveaut\u00e9s au portfolio : l\u2019\u00e9lastographie non invasive du foie, laquelle permet de d\u00e9tecter les l\u00e9sions de cet organe, mais aussi la mesure de l\u2019indice de pression systolique (ou IPS) qui sert \u00e0 identifier les troubles circulatoires des membres inf\u00e9rieurs.<br \/>\n.[\/vc_column_text][\/vc_column][\/vc_row][vc_row][vc_column][vc_separator el_width=\u00a0\u00bb60&Prime; css=\u00a0\u00bb.vc_custom_1643103170126{margin-top: 20px !important;}\u00a0\u00bb][\/vc_column][\/vc_row][vc_row][vc_column][vc_column_text css=\u00a0\u00bb.vc_custom_1643133286951{margin-top: 30px !important;margin-bottom: 30px !important;}\u00a0\u00bb]<strong>M\u00e9decine du sommeil et orthop\u00e9die : nouveaux examens m\u00e9dicaux sp\u00e9cialis\u00e9s<br \/>\n<\/strong><\/p>\n<p>Un sommeil r\u00e9parateur est une condition essentielle \u00e0 la sant\u00e9, aux performances et la long\u00e9vit\u00e9.<br \/>\nEn cas de troubles du sommeil ou de probl\u00e8mes respiratoires li\u00e9s au sommeil, impossible au corps de se r\u00e9g\u00e9n\u00e9rer correctement durant la nuit. Nous proposons donc aux personnes concern\u00e9es une consultation sp\u00e9ciale avec un sp\u00e9cialiste du sommeil, suivie, le cas \u00e9ch\u00e9ant, d\u2019autres mesures diagnostiques et th\u00e9rapeutiques, dont notamment la polygraphie cardiorespiratoire (PCRS) r\u00e9alisable \u00e0 la clinique.<\/p>\n<p>En outre, nous offrons d\u00e8s \u00e0 pr\u00e9sent l\u2019opportunit\u00e9 de r\u00e9server une consultation orthop\u00e9dique, au cours de laquelle un m\u00e9decin sp\u00e9cialis\u00e9 dans cette discipline vous examinera, vous conseillera et vous traitera (examens orthop\u00e9diques, \u00e9valuations m\u00e9dicosportives de l\u2019appareil locomoteur, etc.).[\/vc_column_text][\/vc_column][\/vc_row][vc_row][vc_column][vc_separator el_width=\u00a0\u00bb60&Prime; css=\u00a0\u00bb.vc_custom_1643103170126{margin-top: 20px !important;}\u00a0\u00bb][\/vc_column][\/vc_row][vc_row][vc_column][vc_column_text css=\u00a0\u00bb.vc_custom_1643133312931{margin-top: 0px !important;margin-bottom: 30px !important;}\u00a0\u00bb]<strong>Auriculoth\u00e9rapie pour la r\u00e9gulation des fonctions physiologiques <\/strong><\/p>\n<p>L\u2019acupuncture fait partie int\u00e9grante de la M\u00e9decine Chinoise Traditionnelle. Appliqu\u00e9e au lobe de l\u2019oreille (auriculoth\u00e9rapie), cette discipline permet de traiter certains troubles d\u2019origine organique et de r\u00e9guler des fonctions physiologiques. L\u2019auriculoth\u00e9rapie est notamment une m\u00e9thode efficace pour traiter les sympt\u00f4mes de sevrage tabagique, l\u2019anxi\u00e9t\u00e9, les maux de t\u00eate et les douleurs de l\u2019appareil locomoteur.[\/vc_column_text][\/vc_column][\/vc_row][vc_row][vc_column][vc_single_image image=\u00a0\u00bb47313&Prime; img_size=\u00a0\u00bblarge\u00a0\u00bb onclick=\u00a0\u00bbimg_link_large\u00a0\u00bb][vc_empty_space height=\u00a0\u00bb20&Prime;][\/vc_column][\/vc_row][vc_row][vc_column][vc_separator el_width=\u00a0\u00bb60&Prime; css=\u00a0\u00bb.vc_custom_1643103170126{margin-top: 20px !important;}\u00a0\u00bb][\/vc_column][\/vc_row][vc_row][vc_column][vc_column_text css=\u00a0\u00bb.vc_custom_1643133334904{margin-top: 0px !important;margin-bottom: 30px !important;}\u00a0\u00bb]<strong>Alimentation c\u00e9tog\u00e8ne : consultation individuelle <\/strong><\/p>\n<p>Ce r\u00e9gime repose sur une alimentation essentiellement compos\u00e9e d\u2019huiles v\u00e9g\u00e9tales press\u00e9es \u00e0 froid, de l\u00e9gumes, de prot\u00e9ines en quantit\u00e9 mod\u00e9r\u00e9e et d\u2019un apport limit\u00e9 en glucides. Cette forme d\u2019alimentation n\u2019est b\u00e9n\u00e9fique et sans danger pour la sant\u00e9 et que si on la suit correctement, tout en observant rigoureusement les contrindications. Nous serions ravis de vous conseiller personnellement et de vous montrer comment pratiquer au quotidien un r\u00e9gime c\u00e9tog\u00e8ne \u00e0 la fois sain et gourmand. Dispens\u00e9s en groupe ou individuellement, nos cours de cuisine vous permettront de mieux vous familiariser avec la cuisine c\u00e9tog\u00e8ne.[\/vc_column_text][\/vc_column][\/vc_row][vc_row][vc_column][vc_single_image image=\u00a0\u00bb47052&Prime; img_size=\u00a0\u00bblarge\u00a0\u00bb onclick=\u00a0\u00bbimg_link_large\u00a0\u00bb css=\u00a0\u00bb.vc_custom_1643102376665{margin-top: 20px !important;}\u00a0\u00bb][vc_empty_space height=\u00a0\u00bb20&Prime;][\/vc_column][\/vc_row][vc_row][vc_column][vc_separator el_width=\u00a0\u00bb60&Prime; css=\u00a0\u00bb.vc_custom_1643103170126{margin-top: 20px !important;}\u00a0\u00bb][\/vc_column][\/vc_row][vc_row][vc_column][vc_column_text css=\u00a0\u00bb.vc_custom_1643133362084{margin-top: 0px !important;margin-bottom: 30px !important;}\u00a0\u00bb]<strong>Retour au calme, tout en faisant le plein d\u2019\u00e9nergie : nos programmes pour l\u2019\u00e2me et le mental <\/strong><\/p>\n<p>Afin de doper votre bien \u00eatre mental, nous avons am\u00e9nag\u00e9 au sein de la clinique de je\u00fbne au bord du lac de Constance un nouvel espace enti\u00e8rement d\u00e9di\u00e9 \u00e0 l\u2019inspiration. Venez vous d\u00e9tendre dans notre studio Larix qui vous offre une vue \u00e0 couper le souffle sur le lac et les cimes enneig\u00e9es du paysage alpin. Outre la m\u00e9ditation, le yoga et le pilates, un floril\u00e8ge d\u2019applications ciblant les activit\u00e9s cognitives, corporelles et cr\u00e9atrices favorise l\u2019introspection, tout en faisant jaillir de nouvelles sources d\u2019inspiration. Faites fusionner corps, \u00e2me et esprit en pratiquant la relaxation musculaire progressive (RMP) ou les chants m\u00e9ditatifs de Taiz\u00e9.[\/vc_column_text][\/vc_column][\/vc_row][vc_row][vc_column][vc_single_image image=\u00a0\u00bb47059&Prime; img_size=\u00a0\u00bblarge\u00a0\u00bb onclick=\u00a0\u00bbimg_link_large\u00a0\u00bb][vc_empty_space height=\u00a0\u00bb20&Prime;][\/vc_column][\/vc_row][vc_row][vc_column][vc_separator el_width=\u00a0\u00bb60&Prime; css=\u00a0\u00bb.vc_custom_1643103170126{margin-top: 20px !important;}\u00a0\u00bb][\/vc_column][\/vc_row][vc_row][vc_column][vc_column_text css=\u00a0\u00bb.vc_custom_1643133388204{margin-top: 0px !important;margin-bottom: 30px !important;}\u00a0\u00bb]<strong>Regain de vitalit\u00e9 pour rayonner naturellement<\/strong><\/p>\n<p>Bien plus qu\u2019une simple enveloppe, la peau refl\u00e8te notre bien-\u00eatre, tout en nous servant de bouclier naturel. En fonction des pr\u00e9dispositions, du mode de vie et de l\u2019\u00e2ge, elle a toutefois besoin de soutien pour se r\u00e9g\u00e9n\u00e9rer. Gr\u00e2ce \u00e0 l\u2019efficacit\u00e9 de nos techniques de traitement innovantes et adapt\u00e9es \u00e0 toutes les peaux, nous vous aidons \u00e0 recouvrer votre fra\u00eecheur et votre vitalit\u00e9 originelles, tout en faisant rayonner votre bien-\u00eatre int\u00e9rieur, nouvellement acquis. Qu\u2019attendez-vous pour vous faire choyer dans notre nouveau salon de beaut\u00e9 ![\/vc_column_text][\/vc_column][\/vc_row][vc_row][vc_column][vc_single_image image=\u00a0\u00bb47110&Prime; img_size=\u00a0\u00bblarge\u00a0\u00bb onclick=\u00a0\u00bbimg_link_large\u00a0\u00bb][vc_empty_space height=\u00a0\u00bb20&Prime;][\/vc_column][\/vc_row][vc_row css_animation=\u00a0\u00bbfadeIn\u00a0\u00bb css=\u00a0\u00bb.vc_custom_1641920655703{margin-bottom: 30px !important;padding-top: 30px !important;padding-bottom: 30px !important;}\u00a0\u00bb][vc_column width=\u00a0\u00bb1\/2&Prime; css=\u00a0\u00bb.vc_custom_1643100035459{margin-top: 30px !important;margin-bottom: 0px !important;padding-top: 20px !important;padding-bottom: 20px !important;background-color: #edebeb !important;}\u00a0\u00bb][vc_column_text]<strong>Vous avez des questions ou souhaitez plus d&rsquo;informations sur notre offre ? Nous sommes \u00e0 votre disposition !<\/strong>[\/vc_column_text][vc_empty_space height=\u00a0\u00bb20&Prime;]<div class=\"norebro-button-sc btn-wrap text-left\" \n\tid=\"norebro-custom-69f5393a7a844\"\n\t \n\t>\n\n\t<a href=\"https:\/\/www.buchinger-wilhelmi.com\/fr\/kontakt\/\" target=\"_blank\" \n\t\tclass=\"btn \">\n\n\t\t\n\t\t<span class=\"text\">\n\t\t\tFaire une demande maintenant !\t\t<\/span>\n\n\t\t\n\t\t\t<\/a>\n\n<\/div>[\/vc_column][\/vc_row][vc_row][vc_column][vc_column_text css=\u00a0\u00bb.vc_custom_1643284872275{margin-top: 30px !important;margin-bottom: 30px !important;}\u00a0\u00bb]\n<h3>Nouvelles applications th\u00e9rapeutiques \u00e0 Marbella<\/h3>\n<p><strong>\u00c9valuation individuelle de l\u2019appareil locomoteur, traitement des restrictions de mobilit\u00e9<\/strong><\/p>\n<p>Toute r\u00e9duction de la mobilit\u00e9 s\u2019accompagne d\u2019une diminution globale de la qualit\u00e9 de vie. Pour s\u2019articuler autour d\u2019une formation posturale g\u00e9n\u00e9rale, d\u2019un contr\u00f4le de la motricit\u00e9 et d\u2019un traitement Indiba, le concept d\u00e9velopp\u00e9 par nos soins permet d\u2019\u00e9valuer et d\u2019am\u00e9liorer profond\u00e9ment l\u2019\u00e9tat fonctionnel de votre appareil locomoteur.<\/p>\n<p>S\u2019appuyant sur le principe de l\u2019hyperthermie, la technologie Indiba favorise efficacement les m\u00e9canismes d\u2019autogu\u00e9rison du corps. Associ\u00e9e \u00e0 un traitement physioth\u00e9rapeutique personnalis\u00e9, elle stimule les \u00e9nergies naturelles endog\u00e8nes, soulage les douleurs et aide \u00e0 retrouver la mobilit\u00e9.[\/vc_column_text][\/vc_column][\/vc_row][vc_row][vc_column][vc_separator el_width=\u00a0\u00bb60&Prime; css=\u00a0\u00bb.vc_custom_1643103170126{margin-top: 20px !important;}\u00a0\u00bb][\/vc_column][\/vc_row][vc_row][vc_column][vc_column_text css=\u00a0\u00bb.vc_custom_1643284860970{margin-top: 30px !important;margin-bottom: 30px !important;}\u00a0\u00bb]<strong>R\u00e9g\u00e9n\u00e9ration du visage et du corps<\/strong><\/p>\n<p>Votre peau \u00e9tant aussi unique que votre personnalit\u00e9, nous adaptons nos m\u00e9thodes de traitement innovantes pour lui permettre de se r\u00e9g\u00e9n\u00e9rer exactement selon vos besoins et vos aspirations. Qu\u2019il s\u2019agisse des sympt\u00f4mes li\u00e9s aux processus naturels du vieillissement cutan\u00e9, d\u2019une peau terne ou sujette aux impuret\u00e9s, ou des exigences particuli\u00e8res de la peau pendant ou apr\u00e8s un traitement oncologique, nos expert\u00b7e\u00b7s vous aident \u00e0 recouvrer un teint plus uniforme et une peau lumineuse, \u00e9clatante de vitalit\u00e9.<\/p>\n<p>M\u00e9thode non invasive indolore, notre nouveau massage lifting raffermit et tonifie les contours du visage. Les tensions musculaires se d\u00e9nouent, les rides se r\u00e9duisent et l\u2019oxyg\u00e9nation des tissus s\u2019am\u00e9liore.<\/p>\n<p>Profitez de nos nouveaux traitements corporels qui \u00e9veillent et relaxent tous les sens, et r\u00e9jouissez-vous d\u2019une peau ferme, revitalis\u00e9e et visiblement rajeunie. D\u2019origine 100 % biologique, les produits utilis\u00e9s \u00e0 cet effet mettent en valeur votre beaut\u00e9 et votre \u00e9clat naturels.[\/vc_column_text][\/vc_column][\/vc_row][vc_row css_animation=\u00a0\u00bbfadeIn\u00a0\u00bb css=\u00a0\u00bb.vc_custom_1641920655703{margin-bottom: 30px !important;padding-top: 30px !important;padding-bottom: 30px !important;}\u00a0\u00bb][vc_column width=\u00a0\u00bb1\/2&Prime; css=\u00a0\u00bb.vc_custom_1642090396252{margin-top: 30px !important;margin-bottom: 30px !important;padding-top: 20px !important;padding-bottom: 20px !important;background-color: #edebeb !important;}\u00a0\u00bb][vc_column_text]<strong>Vous avez des questions ou souhaitez plus d&rsquo;informations sur notre offre ? Nous sommes \u00e0 votre disposition !<\/strong>[\/vc_column_text][vc_empty_space height=\u00a0\u00bb20&Prime;]<div class=\"norebro-button-sc btn-wrap text-left\" \n\tid=\"norebro-custom-69f5393a7a890\"\n\t \n\t>\n\n\t<a href=\"https:\/\/www.buchinger-wilhelmi.com\/fr\/kontakt\/\" target=\"_blank\" \n\t\tclass=\"btn \">\n\n\t\t\n\t\t<span class=\"text\">\n\t\t\tFaire une demande maintenant !\t\t<\/span>\n\n\t\t\n\t\t\t<\/a>\n\n<\/div>[\/vc_column][\/vc_row]\n<\/div>","protected":false},"excerpt":{"rendered":"<p>R\u00e9solument holistique, notre concept englobe tous les aspects de votre s\u00e9jour : le je\u00fbne th\u00e9rapeutique, les prestations m\u00e9dicales, les applications th\u00e9rapeutiques comme nos offres plurielles, ciblant corps et \u00e2me, tout \u00e9tant li\u00e9 et parfaitement coordonn\u00e9 avec le plus grand soin.<\/p>\n","protected":false},"author":30,"featured_media":46996,"comment_status":"closed","ping_status":"closed","sticky":false,"template":"","format":"standard","meta":{"_acf_changed":false,"_custom_body_class":"","_custom_post_class":"","_searchwp_excluded":"","inline_featured_image":false,"footnotes":""},"categories":[106],"tags":[],"class_list":["post-47168","post","type-post","status-publish","format-standard","has-post-thumbnail","hentry","category-news"],"acf":[],"yoast_head":"<!-- This site is optimized with the Yoast SEO plugin v23.8 - https:\/\/yoast.com\/wordpress\/plugins\/seo\/ -->\n<title>Nouvelles th\u00e9rapies - BUCHINGER WILHELMI<\/title>\n<meta name=\"description\" content=\"R\u00e9solument holistique, notre concept englobe tous les aspects de votre s\u00e9jou. Nouvelles m\u00e9thodes de traitement et de diagnostic \u00e0 \u00dcberlingen.\" \/>\n<meta name=\"robots\" content=\"index, follow, max-snippet:-1, max-image-preview:large, max-video-preview:-1\" \/>\n<link rel=\"canonical\" href=\"https:\/\/www.buchinger-wilhelmi.com\/fr\/nouvelles-therapies\/\" \/>\n<meta property=\"og:locale\" content=\"fr_FR\" \/>\n<meta property=\"og:type\" content=\"article\" \/>\n<meta property=\"og:title\" content=\"Nouvelles th\u00e9rapies - BUCHINGER WILHELMI\" \/>\n<meta property=\"og:description\" content=\"R\u00e9solument holistique, notre concept englobe tous les aspects de votre s\u00e9jou. Nouvelles m\u00e9thodes de traitement et de diagnostic \u00e0 \u00dcberlingen.\" \/>\n<meta property=\"og:url\" content=\"https:\/\/www.buchinger-wilhelmi.com\/fr\/nouvelles-therapies\/\" \/>\n<meta property=\"article:publisher\" content=\"https:\/\/www.facebook.com\/BuchingerWilhelmiMarbella\/\" \/>\n<meta property=\"article:published_time\" content=\"2022-01-25T15:29:17+00:00\" \/>\n<meta property=\"article:modified_time\" content=\"2022-01-27T20:30:37+00:00\" \/>\n<meta property=\"og:image\" content=\"https:\/\/www.buchinger-wilhelmi.com\/wp-content\/uploads\/2022\/01\/Buchinger-Wilhelmi-Bodensee-Ernaehrung-Beratung-scaled.jpg\" \/>\n\t<meta property=\"og:image:width\" content=\"2560\" \/>\n\t<meta property=\"og:image:height\" content=\"1703\" \/>\n\t<meta property=\"og:image:type\" content=\"image\/jpeg\" \/>\n<meta name=\"author\" content=\"Barbara Philipps\" \/>\n<meta name=\"twitter:card\" content=\"summary_large_image\" \/>\n<meta name=\"twitter:label1\" content=\"\u00c9crit par\" \/>\n\t<meta name=\"twitter:data1\" content=\"Barbara Philipps\" \/>\n\t<meta name=\"twitter:label2\" content=\"Dur\u00e9e de lecture estim\u00e9e\" \/>\n\t<meta name=\"twitter:data2\" content=\"6 minutes\" \/>\n<script type=\"application\/ld+json\" class=\"yoast-schema-graph\">{\"@context\":\"https:\/\/schema.org\",\"@graph\":[{\"@type\":\"Article\",\"@id\":\"https:\/\/www.buchinger-wilhelmi.com\/fr\/nouvelles-therapies\/#article\",\"isPartOf\":{\"@id\":\"https:\/\/www.buchinger-wilhelmi.com\/fr\/nouvelles-therapies\/\"},\"author\":{\"name\":\"Barbara Philipps\",\"@id\":\"https:\/\/www.buchinger-wilhelmi.com\/fr\/#\/schema\/person\/7a939850a619fa6f7562beac18cbf295\"},\"headline\":\"Nouvelles th\u00e9rapies\",\"datePublished\":\"2022-01-25T15:29:17+00:00\",\"dateModified\":\"2022-01-27T20:30:37+00:00\",\"mainEntityOfPage\":{\"@id\":\"https:\/\/www.buchinger-wilhelmi.com\/fr\/nouvelles-therapies\/\"},\"wordCount\":1702,\"publisher\":{\"@id\":\"https:\/\/www.buchinger-wilhelmi.com\/fr\/#organization\"},\"image\":{\"@id\":\"https:\/\/www.buchinger-wilhelmi.com\/fr\/nouvelles-therapies\/#primaryimage\"},\"thumbnailUrl\":\"https:\/\/www.buchinger-wilhelmi.com\/wp-content\/uploads\/2022\/01\/Buchinger-Wilhelmi-Bodensee-Ernaehrung-Beratung-scaled.jpg\",\"articleSection\":[\"Actualit\u00e9s\"],\"inLanguage\":\"fr-FR\"},{\"@type\":\"WebPage\",\"@id\":\"https:\/\/www.buchinger-wilhelmi.com\/fr\/nouvelles-therapies\/\",\"url\":\"https:\/\/www.buchinger-wilhelmi.com\/fr\/nouvelles-therapies\/\",\"name\":\"Nouvelles th\u00e9rapies - BUCHINGER WILHELMI\",\"isPartOf\":{\"@id\":\"https:\/\/www.buchinger-wilhelmi.com\/fr\/#website\"},\"primaryImageOfPage\":{\"@id\":\"https:\/\/www.buchinger-wilhelmi.com\/fr\/nouvelles-therapies\/#primaryimage\"},\"image\":{\"@id\":\"https:\/\/www.buchinger-wilhelmi.com\/fr\/nouvelles-therapies\/#primaryimage\"},\"thumbnailUrl\":\"https:\/\/www.buchinger-wilhelmi.com\/wp-content\/uploads\/2022\/01\/Buchinger-Wilhelmi-Bodensee-Ernaehrung-Beratung-scaled.jpg\",\"datePublished\":\"2022-01-25T15:29:17+00:00\",\"dateModified\":\"2022-01-27T20:30:37+00:00\",\"description\":\"R\u00e9solument holistique, notre concept englobe tous les aspects de votre s\u00e9jou. Nouvelles m\u00e9thodes de traitement et de diagnostic \u00e0 \u00dcberlingen.\",\"breadcrumb\":{\"@id\":\"https:\/\/www.buchinger-wilhelmi.com\/fr\/nouvelles-therapies\/#breadcrumb\"},\"inLanguage\":\"fr-FR\",\"potentialAction\":[{\"@type\":\"ReadAction\",\"target\":[\"https:\/\/www.buchinger-wilhelmi.com\/fr\/nouvelles-therapies\/\"]}]},{\"@type\":\"ImageObject\",\"inLanguage\":\"fr-FR\",\"@id\":\"https:\/\/www.buchinger-wilhelmi.com\/fr\/nouvelles-therapies\/#primaryimage\",\"url\":\"https:\/\/www.buchinger-wilhelmi.com\/wp-content\/uploads\/2022\/01\/Buchinger-Wilhelmi-Bodensee-Ernaehrung-Beratung-scaled.jpg\",\"contentUrl\":\"https:\/\/www.buchinger-wilhelmi.com\/wp-content\/uploads\/2022\/01\/Buchinger-Wilhelmi-Bodensee-Ernaehrung-Beratung-scaled.jpg\",\"width\":2560,\"height\":1703},{\"@type\":\"BreadcrumbList\",\"@id\":\"https:\/\/www.buchinger-wilhelmi.com\/fr\/nouvelles-therapies\/#breadcrumb\",\"itemListElement\":[{\"@type\":\"ListItem\",\"position\":1,\"name\":\"Startseite\",\"item\":\"https:\/\/www.buchinger-wilhelmi.com\/fr\/\"},{\"@type\":\"ListItem\",\"position\":2,\"name\":\"Nouvelles th\u00e9rapies\"}]},{\"@type\":\"WebSite\",\"@id\":\"https:\/\/www.buchinger-wilhelmi.com\/fr\/#website\",\"url\":\"https:\/\/www.buchinger-wilhelmi.com\/fr\/\",\"name\":\"\",\"description\":\"\",\"publisher\":{\"@id\":\"https:\/\/www.buchinger-wilhelmi.com\/fr\/#organization\"},\"potentialAction\":[{\"@type\":\"SearchAction\",\"target\":{\"@type\":\"EntryPoint\",\"urlTemplate\":\"https:\/\/www.buchinger-wilhelmi.com\/fr\/?s={search_term_string}\"},\"query-input\":{\"@type\":\"PropertyValueSpecification\",\"valueRequired\":true,\"valueName\":\"search_term_string\"}}],\"inLanguage\":\"fr-FR\"},{\"@type\":\"Organization\",\"@id\":\"https:\/\/www.buchinger-wilhelmi.com\/fr\/#organization\",\"name\":\"Buchinger Wilhelmi Holding GmbH & Co.KG\",\"url\":\"https:\/\/www.buchinger-wilhelmi.com\/fr\/\",\"logo\":{\"@type\":\"ImageObject\",\"inLanguage\":\"fr-FR\",\"@id\":\"https:\/\/www.buchinger-wilhelmi.com\/fr\/#\/schema\/logo\/image\/\",\"url\":\"https:\/\/www.buchinger-wilhelmi.com\/wp-content\/uploads\/2018\/04\/BW_Logo_black.png\",\"contentUrl\":\"https:\/\/www.buchinger-wilhelmi.com\/wp-content\/uploads\/2018\/04\/BW_Logo_black.png\",\"width\":303,\"height\":76,\"caption\":\"Buchinger Wilhelmi Holding GmbH & Co.KG\"},\"image\":{\"@id\":\"https:\/\/www.buchinger-wilhelmi.com\/fr\/#\/schema\/logo\/image\/\"},\"sameAs\":[\"https:\/\/www.facebook.com\/BuchingerWilhelmiMarbella\/\",\"https:\/\/www.instagram.com\/buchingerwilhelmi\/\",\"https:\/\/www.linkedin.com\/company\/buchingerwilhelmi\/\",\"https:\/\/www.pinterest.de\/buchingerwilhelmi\/\",\"https:\/\/www.youtube.com\/channel\/UC6jETvWDCI_W-VVG2AjxOfw\"]},{\"@type\":\"Person\",\"@id\":\"https:\/\/www.buchinger-wilhelmi.com\/fr\/#\/schema\/person\/7a939850a619fa6f7562beac18cbf295\",\"name\":\"Barbara Philipps\"}]}<\/script>\n<!-- \/ Yoast SEO plugin. -->","yoast_head_json":{"title":"Nouvelles th\u00e9rapies - BUCHINGER WILHELMI","description":"R\u00e9solument holistique, notre concept englobe tous les aspects de votre s\u00e9jou. Nouvelles m\u00e9thodes de traitement et de diagnostic \u00e0 \u00dcberlingen.","robots":{"index":"index","follow":"follow","max-snippet":"max-snippet:-1","max-image-preview":"max-image-preview:large","max-video-preview":"max-video-preview:-1"},"canonical":"https:\/\/www.buchinger-wilhelmi.com\/fr\/nouvelles-therapies\/","og_locale":"fr_FR","og_type":"article","og_title":"Nouvelles th\u00e9rapies - BUCHINGER WILHELMI","og_description":"R\u00e9solument holistique, notre concept englobe tous les aspects de votre s\u00e9jou. Nouvelles m\u00e9thodes de traitement et de diagnostic \u00e0 \u00dcberlingen.","og_url":"https:\/\/www.buchinger-wilhelmi.com\/fr\/nouvelles-therapies\/","article_publisher":"https:\/\/www.facebook.com\/BuchingerWilhelmiMarbella\/","article_published_time":"2022-01-25T15:29:17+00:00","article_modified_time":"2022-01-27T20:30:37+00:00","og_image":[{"width":2560,"height":1703,"url":"https:\/\/www.buchinger-wilhelmi.com\/wp-content\/uploads\/2022\/01\/Buchinger-Wilhelmi-Bodensee-Ernaehrung-Beratung-scaled.jpg","type":"image\/jpeg"}],"author":"Barbara Philipps","twitter_card":"summary_large_image","twitter_misc":{"\u00c9crit par":"Barbara Philipps","Dur\u00e9e de lecture estim\u00e9e":"6 minutes"},"schema":{"@context":"https:\/\/schema.org","@graph":[{"@type":"Article","@id":"https:\/\/www.buchinger-wilhelmi.com\/fr\/nouvelles-therapies\/#article","isPartOf":{"@id":"https:\/\/www.buchinger-wilhelmi.com\/fr\/nouvelles-therapies\/"},"author":{"name":"Barbara Philipps","@id":"https:\/\/www.buchinger-wilhelmi.com\/fr\/#\/schema\/person\/7a939850a619fa6f7562beac18cbf295"},"headline":"Nouvelles th\u00e9rapies","datePublished":"2022-01-25T15:29:17+00:00","dateModified":"2022-01-27T20:30:37+00:00","mainEntityOfPage":{"@id":"https:\/\/www.buchinger-wilhelmi.com\/fr\/nouvelles-therapies\/"},"wordCount":1702,"publisher":{"@id":"https:\/\/www.buchinger-wilhelmi.com\/fr\/#organization"},"image":{"@id":"https:\/\/www.buchinger-wilhelmi.com\/fr\/nouvelles-therapies\/#primaryimage"},"thumbnailUrl":"https:\/\/www.buchinger-wilhelmi.com\/wp-content\/uploads\/2022\/01\/Buchinger-Wilhelmi-Bodensee-Ernaehrung-Beratung-scaled.jpg","articleSection":["Actualit\u00e9s"],"inLanguage":"fr-FR"},{"@type":"WebPage","@id":"https:\/\/www.buchinger-wilhelmi.com\/fr\/nouvelles-therapies\/","url":"https:\/\/www.buchinger-wilhelmi.com\/fr\/nouvelles-therapies\/","name":"Nouvelles th\u00e9rapies - BUCHINGER WILHELMI","isPartOf":{"@id":"https:\/\/www.buchinger-wilhelmi.com\/fr\/#website"},"primaryImageOfPage":{"@id":"https:\/\/www.buchinger-wilhelmi.com\/fr\/nouvelles-therapies\/#primaryimage"},"image":{"@id":"https:\/\/www.buchinger-wilhelmi.com\/fr\/nouvelles-therapies\/#primaryimage"},"thumbnailUrl":"https:\/\/www.buchinger-wilhelmi.com\/wp-content\/uploads\/2022\/01\/Buchinger-Wilhelmi-Bodensee-Ernaehrung-Beratung-scaled.jpg","datePublished":"2022-01-25T15:29:17+00:00","dateModified":"2022-01-27T20:30:37+00:00","description":"R\u00e9solument holistique, notre concept englobe tous les aspects de votre s\u00e9jou. Nouvelles m\u00e9thodes de traitement et de diagnostic \u00e0 \u00dcberlingen.","breadcrumb":{"@id":"https:\/\/www.buchinger-wilhelmi.com\/fr\/nouvelles-therapies\/#breadcrumb"},"inLanguage":"fr-FR","potentialAction":[{"@type":"ReadAction","target":["https:\/\/www.buchinger-wilhelmi.com\/fr\/nouvelles-therapies\/"]}]},{"@type":"ImageObject","inLanguage":"fr-FR","@id":"https:\/\/www.buchinger-wilhelmi.com\/fr\/nouvelles-therapies\/#primaryimage","url":"https:\/\/www.buchinger-wilhelmi.com\/wp-content\/uploads\/2022\/01\/Buchinger-Wilhelmi-Bodensee-Ernaehrung-Beratung-scaled.jpg","contentUrl":"https:\/\/www.buchinger-wilhelmi.com\/wp-content\/uploads\/2022\/01\/Buchinger-Wilhelmi-Bodensee-Ernaehrung-Beratung-scaled.jpg","width":2560,"height":1703},{"@type":"BreadcrumbList","@id":"https:\/\/www.buchinger-wilhelmi.com\/fr\/nouvelles-therapies\/#breadcrumb","itemListElement":[{"@type":"ListItem","position":1,"name":"Startseite","item":"https:\/\/www.buchinger-wilhelmi.com\/fr\/"},{"@type":"ListItem","position":2,"name":"Nouvelles th\u00e9rapies"}]},{"@type":"WebSite","@id":"https:\/\/www.buchinger-wilhelmi.com\/fr\/#website","url":"https:\/\/www.buchinger-wilhelmi.com\/fr\/","name":"","description":"","publisher":{"@id":"https:\/\/www.buchinger-wilhelmi.com\/fr\/#organization"},"potentialAction":[{"@type":"SearchAction","target":{"@type":"EntryPoint","urlTemplate":"https:\/\/www.buchinger-wilhelmi.com\/fr\/?s={search_term_string}"},"query-input":{"@type":"PropertyValueSpecification","valueRequired":true,"valueName":"search_term_string"}}],"inLanguage":"fr-FR"},{"@type":"Organization","@id":"https:\/\/www.buchinger-wilhelmi.com\/fr\/#organization","name":"Buchinger Wilhelmi Holding GmbH & Co.KG","url":"https:\/\/www.buchinger-wilhelmi.com\/fr\/","logo":{"@type":"ImageObject","inLanguage":"fr-FR","@id":"https:\/\/www.buchinger-wilhelmi.com\/fr\/#\/schema\/logo\/image\/","url":"https:\/\/www.buchinger-wilhelmi.com\/wp-content\/uploads\/2018\/04\/BW_Logo_black.png","contentUrl":"https:\/\/www.buchinger-wilhelmi.com\/wp-content\/uploads\/2018\/04\/BW_Logo_black.png","width":303,"height":76,"caption":"Buchinger Wilhelmi Holding GmbH & Co.KG"},"image":{"@id":"https:\/\/www.buchinger-wilhelmi.com\/fr\/#\/schema\/logo\/image\/"},"sameAs":["https:\/\/www.facebook.com\/BuchingerWilhelmiMarbella\/","https:\/\/www.instagram.com\/buchingerwilhelmi\/","https:\/\/www.linkedin.com\/company\/buchingerwilhelmi\/","https:\/\/www.pinterest.de\/buchingerwilhelmi\/","https:\/\/www.youtube.com\/channel\/UC6jETvWDCI_W-VVG2AjxOfw"]},{"@type":"Person","@id":"https:\/\/www.buchinger-wilhelmi.com\/fr\/#\/schema\/person\/7a939850a619fa6f7562beac18cbf295","name":"Barbara Philipps"}]}},"_links":{"self":[{"href":"https:\/\/www.buchinger-wilhelmi.com\/fr\/wp-json\/wp\/v2\/posts\/47168"}],"collection":[{"href":"https:\/\/www.buchinger-wilhelmi.com\/fr\/wp-json\/wp\/v2\/posts"}],"about":[{"href":"https:\/\/www.buchinger-wilhelmi.com\/fr\/wp-json\/wp\/v2\/types\/post"}],"author":[{"embeddable":true,"href":"https:\/\/www.buchinger-wilhelmi.com\/fr\/wp-json\/wp\/v2\/users\/30"}],"replies":[{"embeddable":true,"href":"https:\/\/www.buchinger-wilhelmi.com\/fr\/wp-json\/wp\/v2\/comments?post=47168"}],"version-history":[{"count":10,"href":"https:\/\/www.buchinger-wilhelmi.com\/fr\/wp-json\/wp\/v2\/posts\/47168\/revisions"}],"predecessor-version":[{"id":47324,"href":"https:\/\/www.buchinger-wilhelmi.com\/fr\/wp-json\/wp\/v2\/posts\/47168\/revisions\/47324"}],"wp:featuredmedia":[{"embeddable":true,"href":"https:\/\/www.buchinger-wilhelmi.com\/fr\/wp-json\/wp\/v2\/media\/46996"}],"wp:attachment":[{"href":"https:\/\/www.buchinger-wilhelmi.com\/fr\/wp-json\/wp\/v2\/media?parent=47168"}],"wp:term":[{"taxonomy":"category","embeddable":true,"href":"https:\/\/www.buchinger-wilhelmi.com\/fr\/wp-json\/wp\/v2\/categories?post=47168"},{"taxonomy":"post_tag","embeddable":true,"href":"https:\/\/www.buchinger-wilhelmi.com\/fr\/wp-json\/wp\/v2\/tags?post=47168"}],"curies":[{"name":"wp","href":"https:\/\/api.w.org\/{rel}","templated":true}]}}