{"id":62220,"date":"2022-07-25T18:05:26","date_gmt":"2022-07-25T16:05:26","guid":{"rendered":"https:\/\/www.buchinger-wilhelmi.com\/factsheet-buchinger-wilhelmi-fastenbox\/"},"modified":"2022-12-16T12:37:22","modified_gmt":"2022-12-16T11:37:22","slug":"factsheet-buchinger-wilhelmi-coffret-jeune","status":"publish","type":"post","link":"https:\/\/www.buchinger-wilhelmi.com\/fr\/factsheet-buchinger-wilhelmi-coffret-jeune\/","title":{"rendered":"Factsheet Le COFFRET JE\u00dbNE"},"content":{"rendered":"<div class=\"wpb-content-wrapper\">[vc_row disable_element=\u00a0\u00bbyes\u00a0\u00bb][vc_column][vc_column_text]\n\n[\/vc_column_text][\/vc_column][\/vc_row][vc_row css_animation=\u00a0\u00bbfadeIn\u00a0\u00bb][vc_column]<div class=\"norebro-heading-sc heading text-center\"\n\tid=\"norebro-custom-69f55dfdccfac\" \n\t \n\t>\n\t\n\t\n\t\n\t<h2 class=\"title\">\n\t\tLes principales questions et r\u00e9ponses\t<\/h2>\n\n\t\n\t\t\t<p class=\"subtitle\">\n\t\t\tsur le nouveau COFFRET JE\u00dbNE de Buchinger Wilhelmi\t\t<\/p>\n\t\t\n<\/div>[\/vc_column][\/vc_row][vc_row css_animation=\u00a0\u00bbfadeIn\u00a0\u00bb][vc_column][vc_empty_space height=\u00a0\u00bb50&Prime;][\/vc_column][\/vc_row][vc_row css_animation=\u00a0\u00bbfadeIn\u00a0\u00bb][vc_column][vc_column_text]<strong>Le COFFRET JE\u00dbNE Buchinger Wilhelmi en d\u00e9tail\u00a0<\/strong>[\/vc_column_text][\/vc_column][\/vc_row][vc_row css_animation=\u00a0\u00bbfadeIn\u00a0\u00bb][vc_column][vc_empty_space height=\u00a0\u00bb20&Prime;][\/vc_column][\/vc_row][vc_row][vc_column][vc_column_text]\n<ul>\n<li>En vente sur: <a href=\"https:\/\/buchinger-wilhelmi-shop.com\/fr\/\" target=\"_blank\" rel=\"noopener\">buchinger-wilhelmi-shop.com\/fr\/<\/a><\/li>\n<li>Prix: 199 \u20ac, plus frais d\u2019exp\u00e9dition<\/li>\n<li>D\u00e9lai de livraison en fonction du pays : entre 2 et 5 jours<\/li>\n<\/ul>\n[\/vc_column_text][\/vc_column][\/vc_row][vc_row css_animation=\u00a0\u00bbfadeIn\u00a0\u00bb][vc_column][vc_empty_space height=\u00a0\u00bb50&Prime;][\/vc_column][\/vc_row][vc_row css_animation=\u00a0\u00bbfadeIn\u00a0\u00bb][vc_column][vc_column_text]<strong>Ce que propose le nouveau COFFRET JE\u00dbNE de Buchinger Wilhelmi ?<\/strong>[\/vc_column_text][\/vc_column][\/vc_row][vc_row css_animation=\u00a0\u00bbfadeIn\u00a0\u00bb][vc_column][vc_empty_space height=\u00a0\u00bb20&Prime;][\/vc_column][\/vc_row][vc_row css_animation=\u00a0\u00bbfadeIn\u00a0\u00bb][vc_column width=\u00a0\u00bb1\/2&Prime;][vc_column_text]Bien que s\u2019appuyant sur le programme de je\u00fbne mis en \u0153uvre dans les cliniques Buchinger Wilhelmi, le COFFRET JE\u00dbNE est sp\u00e9cialement con\u00e7u pour \u00eatre utilis\u00e9 \u00e0 domicile, tout en donnant un avant-go\u00fbt de la mani\u00e8re dont se d\u00e9roule une vraie cure de je\u00fbne in situ.<\/p>\n<p>Le programme s\u2019articule autour d\u2019un choix de soupes pr\u00eates \u00e0 d\u00e9guster, cuisin\u00e9es \u00e0 partir d\u2019ingr\u00e9dients r\u00e9gionaux et certifi\u00e9s Demeter ou Bioland, selon des recettes \u00e9labor\u00e9es par le chef cuisinier de longue date de la clinique de je\u00fbne Buchinger Wilhelmi au lac de Constance.<\/p>\n<p>Compl\u00e9ment\u00e9es par des produits s\u00e9lectionn\u00e9s sur le volet, dont deux huiles press\u00e9es \u00e0 froid, du houmous, deux tisanes diff\u00e9rentes, le complexe de min\u00e9raux sp\u00e9cial je\u00fbne Buchinger Wilhelmi, et bien d\u2019autres choses encore, pour une r\u00e9initialisation \u00ab casani\u00e8re \u00bb parfaitement s\u00e9curis\u00e9e et riche en plaisirs pluriels.[\/vc_column_text][vc_empty_space height=\u00a0\u00bb20px\u00a0\u00bb][\/vc_column][vc_column width=\u00a0\u00bb1\/2&Prime;][vc_empty_space height=\u00a0\u00bb20px\u00a0\u00bb][vc_single_image image=\u00a0\u00bb64364&Prime; img_size=\u00a0\u00bbfull\u00a0\u00bb][vc_empty_space height=\u00a0\u00bb20px\u00a0\u00bb][\/vc_column][\/vc_row][vc_row][vc_column][vc_column_text]Tous les composants ont \u00e9t\u00e9 soigneusement d\u00e9velopp\u00e9s et harmonis\u00e9s par une \u00e9quipe interdisciplinaire, issue des domaines de la m\u00e9decine, de la science et de la nutrition, chez Buchinger Wilhelmi.[\/vc_column_text][\/vc_column][\/vc_row][vc_row css_animation=\u00a0\u00bbfadeIn\u00a0\u00bb][vc_column][vc_empty_space height=\u00a0\u00bb50&Prime;][\/vc_column][\/vc_row][vc_row][vc_column][vc_column_text]<strong>Contenu du COFFRET JE\u00dbNE Buchinger Wilhelmi<\/strong>[\/vc_column_text][vc_empty_space height=\u00a0\u00bb32&Prime;][vc_single_image image=\u00a0\u00bb59706&Prime; img_size=\u00a0\u00bblarge\u00a0\u00bb][\/vc_column][\/vc_row][vc_row][vc_column][vc_empty_space height=\u00a0\u00bb50px\u00a0\u00bb][\/vc_column][\/vc_row][vc_row][vc_column][vc_column_text]<strong>La diff\u00e9rence entre un je\u00fbne dans l\u2019une des cliniques Buchinger Wilhelmi et le nouveau COFFRET JE\u00dbNE ? <\/strong>[\/vc_column_text][\/vc_column][\/vc_row][vc_row css_animation=\u00a0\u00bbfadeIn\u00a0\u00bb][vc_column][vc_empty_space height=\u00a0\u00bb20&Prime;][\/vc_column][\/vc_row][vc_row][vc_column width=\u00a0\u00bb1\/2&Prime;][vc_column_text]<strong>Les dimensions<\/strong><\/p>\n<p>Pratiqu\u00e9 dans les cliniques Buchinger Wilhelmi, le je\u00fbne rev\u00eat trois dimensions \u00e0 la fois : la dimension m\u00e9dicophysiologique, l\u2019inspiration, la rencontre avec une communaut\u00e9 de personnes je\u00fbnant ensemble. Le COFFRET JE\u00dbNE, lui, ne comprend que des \u00e9l\u00e9ments de la dimension physiologique.<\/p>\n<p><strong>L&rsquo;apport calorique<\/strong><\/p>\n<p>De mani\u00e8re \u00e0 pouvoir faciliter la gestion des multiples exigences quotidiennes, en d\u00e9pit du changement m\u00e9tabolique, l\u2019apport calorique quotidien du coffret est \u00e9galement plus \u00e9lev\u00e9 que celui d\u2019un je\u00fbne encadr\u00e9 m\u00e9dicalement en clinique. Ses aliments v\u00e9g\u00e9taux fournissant tr\u00e8s peu de calories et de glucides, contre beaucoup de graisses et un peu de prot\u00e9ines, le corps entre malgr\u00e9 tout en c\u00e9tose, l\u2019un des effets recherch\u00e9s du \u00ab m\u00e9tabolisme du je\u00fbne \u00bb. La c\u00e9tose est un \u00e9tat m\u00e9tabolique qui favorise la r\u00e9g\u00e9n\u00e9ration cellulaire.<\/p>\n<p><strong>L&rsquo;accompagnement<\/strong><\/p>\n<p>Le COFFRET JE\u00dbNE ne permettant pas de suivre m\u00e9dicalement les personnes qui je\u00fbnent, les sp\u00e9cialistes Buchinger Wilhelmi accompagnent ces derni\u00e8res \u00e0 domicile avec un arsenal d\u2019outils performants : courriers \u00e9lectroniques, vid\u00e9os, guide d\u2019utilisation et forum en ligne.[\/vc_column_text][vc_empty_space height=\u00a0\u00bb10px\u00a0\u00bb][\/vc_column][vc_column width=\u00a0\u00bb1\/2&Prime;][vc_empty_space height=\u00a0\u00bb20px\u00a0\u00bb][vc_single_image image=\u00a0\u00bb64422&Prime; img_size=\u00a0\u00bblarge\u00a0\u00bb][vc_empty_space height=\u00a0\u00bb20px\u00a0\u00bb][vc_single_image image=\u00a0\u00bb64380&Prime; img_size=\u00a0\u00bblarge\u00a0\u00bb][vc_empty_space height=\u00a0\u00bb20px\u00a0\u00bb][\/vc_column][\/vc_row][vc_row css_animation=\u00a0\u00bbfadeIn\u00a0\u00bb][vc_column][vc_empty_space height=\u00a0\u00bb50&Prime;][\/vc_column][\/vc_row][vc_row][vc_column][vc_column_text]<strong>\u00c0 qui s\u2019adresse le COFFRET JE\u00dbNE ?<\/strong><\/p>\n<p>Destin\u00e9 aux adultes en bonne sant\u00e9, le programme ne convient ni aux femmes enceintes ni \u00e0 celles qui allaitent.[\/vc_column_text][\/vc_column][\/vc_row][vc_row css_animation=\u00a0\u00bbfadeIn\u00a0\u00bb][vc_column][vc_empty_space height=\u00a0\u00bb50&Prime;][\/vc_column][\/vc_row][vc_row][vc_column][vc_column_text]<strong>Ce qui distingue le COFFRET JE\u00dbNE Buchinger Wilhelmi des offres similaires sur le march\u00e9 ?<\/strong>[\/vc_column_text][\/vc_column][\/vc_row][vc_row css_animation=\u00a0\u00bbfadeIn\u00a0\u00bb][vc_column][vc_empty_space height=\u00a0\u00bb20&Prime;][\/vc_column][\/vc_row][vc_row][vc_column width=\u00a0\u00bb1\/2&Prime;][vc_empty_space height=\u00a0\u00bb5&Prime;][vc_single_image image=\u00a0\u00bb64426&Prime; img_size=\u00a0\u00bblarge\u00a0\u00bb][vc_empty_space][\/vc_column][vc_column width=\u00a0\u00bb1\/2&Prime;][vc_column_text]Fortes de plus de 100 ans d\u2019expertise en mati\u00e8re de je\u00fbne, les cliniques Buchinger Wilhelmi, sises respectivement \u00e0 \u00dcberlingen et \u00e0 Marbella, ont d\u00e9j\u00e0 accompagn\u00e9 les je\u00fbnes de plus de 250 milliers de personnes.<\/p>\n<p>C\u2019est cette expertise unique, \u00e9tay\u00e9e de multiples \u00e9tudes et publications scientifiques, qui a permis d\u2019\u00e9laborer en phase avec la recherche de pointe ce programme exploitable \u00e0 domicile.<\/p>\n<p>Faisant sciemment l\u2019impasse sur les jus de fruits, ces derniers risquant d\u2019emp\u00eacher le corps d\u2019entrer en \u00ab c\u00e9tose \u00bb, l\u2019un des effets recherch\u00e9s du \u00ab m\u00e9tabolisme du je\u00fbne \u00bb, en raison de leur teneur en glucides particuli\u00e8rement \u00e9lev\u00e9e, le COFFRET JE\u00dbNE Buchinger Wilhelmi privil\u00e9gie les soupes de l\u00e9gumes bio, de mani\u00e8re \u00e0 pouvoir acc\u00e9l\u00e9rer le passage de l\u2019organisme en c\u00e9tose et d\u00e9clencher d\u2019importants m\u00e9canismes de nettoyage cellulaire, l\u2019autophagie et l\u2019apoptose.<\/p>\n<p>Les bandelettes r\u00e9actives (ou ketosticks), fournies avec, permettent de mesurer ais\u00e9ment le moment o\u00f9 le corps atteint l\u2019\u00e9tat de c\u00e9tose.[\/vc_column_text][\/vc_column][\/vc_row][vc_row][vc_column][vc_empty_space height=\u00a0\u00bb100&Prime;][\/vc_column][\/vc_row][vc_row css=\u00a0\u00bb.vc_custom_1658925156239{padding-top: 40px !important;padding-right: 40px !important;padding-bottom: 40px !important;padding-left: 40px !important;background-color: #ecebe5 !important;}\u00a0\u00bb][vc_column][vc_column_text]<strong>CONTACT PRESSE\u00a0:<\/strong><\/p>\n<p>Num\u00e9ro de t\u00e9l\u00e9phone\u00a0: +49 7551 807-0<br \/>\nMail:\u00a0<a href=\"mailto:presse@buchinger-wilhelmi.com\">presse@buchinger-wilhelmi.com<\/a>[\/vc_column_text][\/vc_column][\/vc_row][vc_row][vc_column][vc_empty_space][\/vc_column][\/vc_row]\n<\/div>","protected":false},"excerpt":{"rendered":"<p>Fragen und Antworten rund um die FASTENBOX<\/p>\n","protected":false},"author":30,"featured_media":57664,"comment_status":"closed","ping_status":"closed","sticky":false,"template":"","format":"standard","meta":{"_acf_changed":false,"_custom_body_class":"","_custom_post_class":"","_searchwp_excluded":"","inline_featured_image":false,"footnotes":""},"categories":[181],"tags":[],"class_list":["post-62220","post","type-post","status-publish","format-standard","has-post-thumbnail","hentry","category-coffret-jeune"],"acf":[],"yoast_head":"<!-- This site is optimized with the Yoast SEO plugin v23.8 - https:\/\/yoast.com\/wordpress\/plugins\/seo\/ -->\n<title>Factsheet Le COFFRET JE\u00dbNE - BUCHINGER WILHELMI<\/title>\n<meta name=\"description\" content=\"D\u00e9couvrez ce qu&#039;offre le COFFRET JE\u00dbNE de Buchinger Wilhelmi, quel est son contenu &amp; \u00e0 qui elle s&#039;adresse.\" \/>\n<meta name=\"robots\" content=\"noindex, follow\" \/>\n<meta property=\"og:locale\" content=\"fr_FR\" \/>\n<meta property=\"og:type\" content=\"article\" \/>\n<meta property=\"og:title\" content=\"Factsheet Le COFFRET JE\u00dbNE - BUCHINGER WILHELMI\" \/>\n<meta property=\"og:description\" content=\"D\u00e9couvrez ce qu&#039;offre le COFFRET JE\u00dbNE de Buchinger Wilhelmi, quel est son contenu &amp; \u00e0 qui elle s&#039;adresse.\" \/>\n<meta property=\"og:url\" content=\"https:\/\/www.buchinger-wilhelmi.com\/fr\/factsheet-buchinger-wilhelmi-coffret-jeune\/\" \/>\n<meta property=\"article:publisher\" content=\"https:\/\/www.facebook.com\/BuchingerWilhelmiMarbella\/\" \/>\n<meta property=\"article:published_time\" content=\"2022-07-25T16:05:26+00:00\" \/>\n<meta property=\"article:modified_time\" content=\"2022-12-16T11:37:22+00:00\" \/>\n<meta property=\"og:image\" content=\"https:\/\/www.buchinger-wilhelmi.com\/wp-content\/uploads\/2022\/06\/pano3.png\" \/>\n\t<meta property=\"og:image:width\" content=\"1894\" \/>\n\t<meta property=\"og:image:height\" content=\"600\" \/>\n\t<meta property=\"og:image:type\" content=\"image\/png\" \/>\n<meta name=\"author\" content=\"Barbara Philipps\" \/>\n<meta name=\"twitter:card\" content=\"summary_large_image\" \/>\n<meta name=\"twitter:label1\" content=\"\u00c9crit par\" \/>\n\t<meta name=\"twitter:data1\" content=\"Barbara Philipps\" \/>\n\t<meta name=\"twitter:label2\" content=\"Dur\u00e9e de lecture estim\u00e9e\" \/>\n\t<meta name=\"twitter:data2\" content=\"4 minutes\" \/>\n<script type=\"application\/ld+json\" class=\"yoast-schema-graph\">{\"@context\":\"https:\/\/schema.org\",\"@graph\":[{\"@type\":\"Article\",\"@id\":\"https:\/\/www.buchinger-wilhelmi.com\/fr\/factsheet-buchinger-wilhelmi-coffret-jeune\/#article\",\"isPartOf\":{\"@id\":\"https:\/\/www.buchinger-wilhelmi.com\/fr\/factsheet-buchinger-wilhelmi-coffret-jeune\/\"},\"author\":{\"name\":\"Barbara Philipps\",\"@id\":\"https:\/\/www.buchinger-wilhelmi.com\/fr\/#\/schema\/person\/7a939850a619fa6f7562beac18cbf295\"},\"headline\":\"Factsheet Le COFFRET JE\u00dbNE\",\"datePublished\":\"2022-07-25T16:05:26+00:00\",\"dateModified\":\"2022-12-16T11:37:22+00:00\",\"mainEntityOfPage\":{\"@id\":\"https:\/\/www.buchinger-wilhelmi.com\/fr\/factsheet-buchinger-wilhelmi-coffret-jeune\/\"},\"wordCount\":1232,\"publisher\":{\"@id\":\"https:\/\/www.buchinger-wilhelmi.com\/fr\/#organization\"},\"image\":{\"@id\":\"https:\/\/www.buchinger-wilhelmi.com\/fr\/factsheet-buchinger-wilhelmi-coffret-jeune\/#primaryimage\"},\"thumbnailUrl\":\"https:\/\/www.buchinger-wilhelmi.com\/wp-content\/uploads\/2022\/06\/pano3.png\",\"articleSection\":[\"COFFRET JE\u00dbNE\"],\"inLanguage\":\"fr-FR\"},{\"@type\":\"WebPage\",\"@id\":\"https:\/\/www.buchinger-wilhelmi.com\/fr\/factsheet-buchinger-wilhelmi-coffret-jeune\/\",\"url\":\"https:\/\/www.buchinger-wilhelmi.com\/fr\/factsheet-buchinger-wilhelmi-coffret-jeune\/\",\"name\":\"Factsheet Le COFFRET JE\u00dbNE - BUCHINGER WILHELMI\",\"isPartOf\":{\"@id\":\"https:\/\/www.buchinger-wilhelmi.com\/fr\/#website\"},\"primaryImageOfPage\":{\"@id\":\"https:\/\/www.buchinger-wilhelmi.com\/fr\/factsheet-buchinger-wilhelmi-coffret-jeune\/#primaryimage\"},\"image\":{\"@id\":\"https:\/\/www.buchinger-wilhelmi.com\/fr\/factsheet-buchinger-wilhelmi-coffret-jeune\/#primaryimage\"},\"thumbnailUrl\":\"https:\/\/www.buchinger-wilhelmi.com\/wp-content\/uploads\/2022\/06\/pano3.png\",\"datePublished\":\"2022-07-25T16:05:26+00:00\",\"dateModified\":\"2022-12-16T11:37:22+00:00\",\"description\":\"D\u00e9couvrez ce qu'offre le COFFRET JE\u00dbNE de Buchinger Wilhelmi, quel est son contenu & \u00e0 qui elle s'adresse.\",\"breadcrumb\":{\"@id\":\"https:\/\/www.buchinger-wilhelmi.com\/fr\/factsheet-buchinger-wilhelmi-coffret-jeune\/#breadcrumb\"},\"inLanguage\":\"fr-FR\",\"potentialAction\":[{\"@type\":\"ReadAction\",\"target\":[\"https:\/\/www.buchinger-wilhelmi.com\/fr\/factsheet-buchinger-wilhelmi-coffret-jeune\/\"]}]},{\"@type\":\"ImageObject\",\"inLanguage\":\"fr-FR\",\"@id\":\"https:\/\/www.buchinger-wilhelmi.com\/fr\/factsheet-buchinger-wilhelmi-coffret-jeune\/#primaryimage\",\"url\":\"https:\/\/www.buchinger-wilhelmi.com\/wp-content\/uploads\/2022\/06\/pano3.png\",\"contentUrl\":\"https:\/\/www.buchinger-wilhelmi.com\/wp-content\/uploads\/2022\/06\/pano3.png\",\"width\":1894,\"height\":600,\"caption\":\"Suppe Buchinger Wilhelmi\"},{\"@type\":\"BreadcrumbList\",\"@id\":\"https:\/\/www.buchinger-wilhelmi.com\/fr\/factsheet-buchinger-wilhelmi-coffret-jeune\/#breadcrumb\",\"itemListElement\":[{\"@type\":\"ListItem\",\"position\":1,\"name\":\"Startseite\",\"item\":\"https:\/\/www.buchinger-wilhelmi.com\/fr\/\"},{\"@type\":\"ListItem\",\"position\":2,\"name\":\"Factsheet Le COFFRET JE\u00dbNE\"}]},{\"@type\":\"WebSite\",\"@id\":\"https:\/\/www.buchinger-wilhelmi.com\/fr\/#website\",\"url\":\"https:\/\/www.buchinger-wilhelmi.com\/fr\/\",\"name\":\"\",\"description\":\"\",\"publisher\":{\"@id\":\"https:\/\/www.buchinger-wilhelmi.com\/fr\/#organization\"},\"potentialAction\":[{\"@type\":\"SearchAction\",\"target\":{\"@type\":\"EntryPoint\",\"urlTemplate\":\"https:\/\/www.buchinger-wilhelmi.com\/fr\/?s={search_term_string}\"},\"query-input\":{\"@type\":\"PropertyValueSpecification\",\"valueRequired\":true,\"valueName\":\"search_term_string\"}}],\"inLanguage\":\"fr-FR\"},{\"@type\":\"Organization\",\"@id\":\"https:\/\/www.buchinger-wilhelmi.com\/fr\/#organization\",\"name\":\"Buchinger Wilhelmi Holding GmbH & Co.KG\",\"url\":\"https:\/\/www.buchinger-wilhelmi.com\/fr\/\",\"logo\":{\"@type\":\"ImageObject\",\"inLanguage\":\"fr-FR\",\"@id\":\"https:\/\/www.buchinger-wilhelmi.com\/fr\/#\/schema\/logo\/image\/\",\"url\":\"https:\/\/www.buchinger-wilhelmi.com\/wp-content\/uploads\/2018\/04\/BW_Logo_black.png\",\"contentUrl\":\"https:\/\/www.buchinger-wilhelmi.com\/wp-content\/uploads\/2018\/04\/BW_Logo_black.png\",\"width\":303,\"height\":76,\"caption\":\"Buchinger Wilhelmi Holding GmbH & Co.KG\"},\"image\":{\"@id\":\"https:\/\/www.buchinger-wilhelmi.com\/fr\/#\/schema\/logo\/image\/\"},\"sameAs\":[\"https:\/\/www.facebook.com\/BuchingerWilhelmiMarbella\/\",\"https:\/\/www.instagram.com\/buchingerwilhelmi\/\",\"https:\/\/www.linkedin.com\/company\/buchingerwilhelmi\/\",\"https:\/\/www.pinterest.de\/buchingerwilhelmi\/\",\"https:\/\/www.youtube.com\/channel\/UC6jETvWDCI_W-VVG2AjxOfw\"]},{\"@type\":\"Person\",\"@id\":\"https:\/\/www.buchinger-wilhelmi.com\/fr\/#\/schema\/person\/7a939850a619fa6f7562beac18cbf295\",\"name\":\"Barbara Philipps\"}]}<\/script>\n<!-- \/ Yoast SEO plugin. -->","yoast_head_json":{"title":"Factsheet Le COFFRET JE\u00dbNE - BUCHINGER WILHELMI","description":"D\u00e9couvrez ce qu'offre le COFFRET JE\u00dbNE de Buchinger Wilhelmi, quel est son contenu & \u00e0 qui elle s'adresse.","robots":{"index":"noindex","follow":"follow"},"og_locale":"fr_FR","og_type":"article","og_title":"Factsheet Le COFFRET JE\u00dbNE - BUCHINGER WILHELMI","og_description":"D\u00e9couvrez ce qu'offre le COFFRET JE\u00dbNE de Buchinger Wilhelmi, quel est son contenu & \u00e0 qui elle s'adresse.","og_url":"https:\/\/www.buchinger-wilhelmi.com\/fr\/factsheet-buchinger-wilhelmi-coffret-jeune\/","article_publisher":"https:\/\/www.facebook.com\/BuchingerWilhelmiMarbella\/","article_published_time":"2022-07-25T16:05:26+00:00","article_modified_time":"2022-12-16T11:37:22+00:00","og_image":[{"width":1894,"height":600,"url":"https:\/\/www.buchinger-wilhelmi.com\/wp-content\/uploads\/2022\/06\/pano3.png","type":"image\/png"}],"author":"Barbara Philipps","twitter_card":"summary_large_image","twitter_misc":{"\u00c9crit par":"Barbara Philipps","Dur\u00e9e de lecture estim\u00e9e":"4 minutes"},"schema":{"@context":"https:\/\/schema.org","@graph":[{"@type":"Article","@id":"https:\/\/www.buchinger-wilhelmi.com\/fr\/factsheet-buchinger-wilhelmi-coffret-jeune\/#article","isPartOf":{"@id":"https:\/\/www.buchinger-wilhelmi.com\/fr\/factsheet-buchinger-wilhelmi-coffret-jeune\/"},"author":{"name":"Barbara Philipps","@id":"https:\/\/www.buchinger-wilhelmi.com\/fr\/#\/schema\/person\/7a939850a619fa6f7562beac18cbf295"},"headline":"Factsheet Le COFFRET JE\u00dbNE","datePublished":"2022-07-25T16:05:26+00:00","dateModified":"2022-12-16T11:37:22+00:00","mainEntityOfPage":{"@id":"https:\/\/www.buchinger-wilhelmi.com\/fr\/factsheet-buchinger-wilhelmi-coffret-jeune\/"},"wordCount":1232,"publisher":{"@id":"https:\/\/www.buchinger-wilhelmi.com\/fr\/#organization"},"image":{"@id":"https:\/\/www.buchinger-wilhelmi.com\/fr\/factsheet-buchinger-wilhelmi-coffret-jeune\/#primaryimage"},"thumbnailUrl":"https:\/\/www.buchinger-wilhelmi.com\/wp-content\/uploads\/2022\/06\/pano3.png","articleSection":["COFFRET JE\u00dbNE"],"inLanguage":"fr-FR"},{"@type":"WebPage","@id":"https:\/\/www.buchinger-wilhelmi.com\/fr\/factsheet-buchinger-wilhelmi-coffret-jeune\/","url":"https:\/\/www.buchinger-wilhelmi.com\/fr\/factsheet-buchinger-wilhelmi-coffret-jeune\/","name":"Factsheet Le COFFRET JE\u00dbNE - BUCHINGER WILHELMI","isPartOf":{"@id":"https:\/\/www.buchinger-wilhelmi.com\/fr\/#website"},"primaryImageOfPage":{"@id":"https:\/\/www.buchinger-wilhelmi.com\/fr\/factsheet-buchinger-wilhelmi-coffret-jeune\/#primaryimage"},"image":{"@id":"https:\/\/www.buchinger-wilhelmi.com\/fr\/factsheet-buchinger-wilhelmi-coffret-jeune\/#primaryimage"},"thumbnailUrl":"https:\/\/www.buchinger-wilhelmi.com\/wp-content\/uploads\/2022\/06\/pano3.png","datePublished":"2022-07-25T16:05:26+00:00","dateModified":"2022-12-16T11:37:22+00:00","description":"D\u00e9couvrez ce qu'offre le COFFRET JE\u00dbNE de Buchinger Wilhelmi, quel est son contenu & \u00e0 qui elle s'adresse.","breadcrumb":{"@id":"https:\/\/www.buchinger-wilhelmi.com\/fr\/factsheet-buchinger-wilhelmi-coffret-jeune\/#breadcrumb"},"inLanguage":"fr-FR","potentialAction":[{"@type":"ReadAction","target":["https:\/\/www.buchinger-wilhelmi.com\/fr\/factsheet-buchinger-wilhelmi-coffret-jeune\/"]}]},{"@type":"ImageObject","inLanguage":"fr-FR","@id":"https:\/\/www.buchinger-wilhelmi.com\/fr\/factsheet-buchinger-wilhelmi-coffret-jeune\/#primaryimage","url":"https:\/\/www.buchinger-wilhelmi.com\/wp-content\/uploads\/2022\/06\/pano3.png","contentUrl":"https:\/\/www.buchinger-wilhelmi.com\/wp-content\/uploads\/2022\/06\/pano3.png","width":1894,"height":600,"caption":"Suppe Buchinger Wilhelmi"},{"@type":"BreadcrumbList","@id":"https:\/\/www.buchinger-wilhelmi.com\/fr\/factsheet-buchinger-wilhelmi-coffret-jeune\/#breadcrumb","itemListElement":[{"@type":"ListItem","position":1,"name":"Startseite","item":"https:\/\/www.buchinger-wilhelmi.com\/fr\/"},{"@type":"ListItem","position":2,"name":"Factsheet Le COFFRET JE\u00dbNE"}]},{"@type":"WebSite","@id":"https:\/\/www.buchinger-wilhelmi.com\/fr\/#website","url":"https:\/\/www.buchinger-wilhelmi.com\/fr\/","name":"","description":"","publisher":{"@id":"https:\/\/www.buchinger-wilhelmi.com\/fr\/#organization"},"potentialAction":[{"@type":"SearchAction","target":{"@type":"EntryPoint","urlTemplate":"https:\/\/www.buchinger-wilhelmi.com\/fr\/?s={search_term_string}"},"query-input":{"@type":"PropertyValueSpecification","valueRequired":true,"valueName":"search_term_string"}}],"inLanguage":"fr-FR"},{"@type":"Organization","@id":"https:\/\/www.buchinger-wilhelmi.com\/fr\/#organization","name":"Buchinger Wilhelmi Holding GmbH & Co.KG","url":"https:\/\/www.buchinger-wilhelmi.com\/fr\/","logo":{"@type":"ImageObject","inLanguage":"fr-FR","@id":"https:\/\/www.buchinger-wilhelmi.com\/fr\/#\/schema\/logo\/image\/","url":"https:\/\/www.buchinger-wilhelmi.com\/wp-content\/uploads\/2018\/04\/BW_Logo_black.png","contentUrl":"https:\/\/www.buchinger-wilhelmi.com\/wp-content\/uploads\/2018\/04\/BW_Logo_black.png","width":303,"height":76,"caption":"Buchinger Wilhelmi Holding GmbH & Co.KG"},"image":{"@id":"https:\/\/www.buchinger-wilhelmi.com\/fr\/#\/schema\/logo\/image\/"},"sameAs":["https:\/\/www.facebook.com\/BuchingerWilhelmiMarbella\/","https:\/\/www.instagram.com\/buchingerwilhelmi\/","https:\/\/www.linkedin.com\/company\/buchingerwilhelmi\/","https:\/\/www.pinterest.de\/buchingerwilhelmi\/","https:\/\/www.youtube.com\/channel\/UC6jETvWDCI_W-VVG2AjxOfw"]},{"@type":"Person","@id":"https:\/\/www.buchinger-wilhelmi.com\/fr\/#\/schema\/person\/7a939850a619fa6f7562beac18cbf295","name":"Barbara Philipps"}]}},"_links":{"self":[{"href":"https:\/\/www.buchinger-wilhelmi.com\/fr\/wp-json\/wp\/v2\/posts\/62220"}],"collection":[{"href":"https:\/\/www.buchinger-wilhelmi.com\/fr\/wp-json\/wp\/v2\/posts"}],"about":[{"href":"https:\/\/www.buchinger-wilhelmi.com\/fr\/wp-json\/wp\/v2\/types\/post"}],"author":[{"embeddable":true,"href":"https:\/\/www.buchinger-wilhelmi.com\/fr\/wp-json\/wp\/v2\/users\/30"}],"replies":[{"embeddable":true,"href":"https:\/\/www.buchinger-wilhelmi.com\/fr\/wp-json\/wp\/v2\/comments?post=62220"}],"version-history":[{"count":10,"href":"https:\/\/www.buchinger-wilhelmi.com\/fr\/wp-json\/wp\/v2\/posts\/62220\/revisions"}],"predecessor-version":[{"id":64436,"href":"https:\/\/www.buchinger-wilhelmi.com\/fr\/wp-json\/wp\/v2\/posts\/62220\/revisions\/64436"}],"wp:featuredmedia":[{"embeddable":true,"href":"https:\/\/www.buchinger-wilhelmi.com\/fr\/wp-json\/wp\/v2\/media\/57664"}],"wp:attachment":[{"href":"https:\/\/www.buchinger-wilhelmi.com\/fr\/wp-json\/wp\/v2\/media?parent=62220"}],"wp:term":[{"taxonomy":"category","embeddable":true,"href":"https:\/\/www.buchinger-wilhelmi.com\/fr\/wp-json\/wp\/v2\/categories?post=62220"},{"taxonomy":"post_tag","embeddable":true,"href":"https:\/\/www.buchinger-wilhelmi.com\/fr\/wp-json\/wp\/v2\/tags?post=62220"}],"curies":[{"name":"wp","href":"https:\/\/api.w.org\/{rel}","templated":true}]}}