{"id":68135,"date":"2023-08-08T14:20:32","date_gmt":"2023-08-08T12:20:32","guid":{"rendered":"https:\/\/www.buchinger-wilhelmi.com\/?p=68135"},"modified":"2025-11-05T15:02:37","modified_gmt":"2025-11-05T14:02:37","slug":"interview-avec-dr-lisa-green","status":"publish","type":"post","link":"https:\/\/www.buchinger-wilhelmi.com\/fr\/interview-avec-dr-lisa-green\/","title":{"rendered":"Interview avec la Dre Lisa Green"},"content":{"rendered":"<div class=\"wpb-content-wrapper\">[vc_row][vc_column]<div class=\"norebro-text-sc \" \n\tid=\"norebro-custom-69f5cad59566f\" \n\t \n\t>\n\n\t<p>INTERVIEW AVEC LA DRE LISA GREEN<\/p>\n<h2>Le d\u00e9veloppement de la psychologie chez Buchinger Wilhelmi<\/h2>\n\t\n<\/div>[vc_empty_space][\/vc_column][\/vc_row][vc_row][vc_column]<div class=\"norebro-text-sc \" \n\tid=\"norebro-custom-69f5cad5956b0\" \n\t \n\t>\n\n\t<p>L\u2019exp\u00e9rience du je\u00fbne allant bien au-del\u00e0 de l\u2019aspect physique, ce que savait d\u00e9j\u00e0 Otto Buchinger il y a plus de 100 ans, la psychologie a toujours jou\u00e9 un r\u00f4le cl\u00e9 dans les cliniques Buchinger Wilhelmi. Entretemps, nous proposons dans les deux \u00e9tablissements des coachings et des consultations psychologiques en tous genres. La Dre Lisa Green, qui nous soutient dans ce domaine depuis maintenant une bonne dizaine d\u2019ann\u00e9es, partage dans le pr\u00e9sent entretien les passionnants tenants et aboutissants du d\u00e9veloppement de cette discipline au sein de nos cliniques et nous r\u00e9v\u00e8le les raisons qui font du je\u00fbne le moment id\u00e9al pour se lancer dans un grand m\u00e9nage \u00e9motionnel.<\/p>\n\t\n<\/div>[vc_empty_space height=\u00a0\u00bb24px\u00a0\u00bb][\/vc_column][\/vc_row][vc_row][vc_column width=\u00a0\u00bb1\/2&Prime;][vc_empty_space][vc_column_text]<strong>Bonjour Dre Green. Commencez, si vous le voulez bien, par nous expliquer bri\u00e8vement en quoi consiste votre r\u00f4le dans notre clinique au lac de Constance ?<\/strong><\/p>\n<p>Avec plaisir ! Je suis docteure en psychologie clinique, psycho-oncologue et th\u00e9rapeute familiale syst\u00e9mique. Je viens donc de la science psychologique, mais j\u2019apporte aussi une formation et une exp\u00e9rience en th\u00e9rapie. Lorsque j\u2019ai commenc\u00e9 \u00e0 travailler chez Buchinger Wilhelmi, il y a dix ans maintenant, j\u2019ai tr\u00e8s vite pris la direction de l\u2019\u00e9quipe. Ma mission consistait \u00e0 d\u00e9velopper le service et \u00e0 le rendre pour ainsi dire viable. Aujourd\u2019hui, il s\u2019appelle \u00ab Psychoth\u00e9rapie et Coaching \u00bb. [\/vc_column_text][\/vc_column][vc_column width=\u00a0\u00bb1\/2&Prime;][vc_empty_space][vc_single_image image=\u00a0\u00bb68061&Prime; img_size=\u00a0\u00bbfull\u00a0\u00bb][\/vc_column][\/vc_row][vc_row][vc_column][vc_empty_space height=\u00a0\u00bb64px\u00a0\u00bb][vc_column_text]<strong>Comment avez-vous v\u00e9cu l\u2019\u00e9volution de la psychoth\u00e9rapie au cours des dix derni\u00e8res ann\u00e9es ?<\/strong><\/p>\n<p>Je me concentre sur l\u2019accompagnement et le conseil psychologiques de notre patient\u00e8le. Mon souhait le plus cher serait d\u2019augmenter le nombre de personnes qui en b\u00e9n\u00e9ficient. Apr\u00e8s tout, la sant\u00e9 psychique et la sant\u00e9 physique vont de pair. Ces derni\u00e8res ann\u00e9es, mon objectif a donc \u00e9t\u00e9 d\u2019\u00e9largir la conscience de nos collaborateurs et de nos collaboratrices, mais aussi celle de nos h\u00f4tes, de mani\u00e8re que tous et toutes se rendent compte de l\u2019importance de leur contribution \u00e0 leur sant\u00e9, en entretenant des relations sociales constructives, en satisfaisant leurs besoins \u00e9motionnels et en veillant \u00e0 leur dialogue int\u00e9rieur.<\/p>\n<p>Voici quelques-unes des questions cl\u00e9s que nous posons lors des entretiens :<\/p>\n<ul>\n<li>D\u2019o\u00f9 viennent mes valeurs ?<\/li>\n<li>Est-ce que je vis la vie que je veux, moi, ou celle que d\u2019autres veulent me voir vivre ?<\/li>\n<\/ul>\n<p>Une vie qui ne correspond pas \u00e0 ses propres valeurs peut vite devenir un tr\u00e8s lourd fardeau, et rendre malade, m\u00eame ! Ici aussi, il est clair, psychologie et m\u00e9decine sont indissociables, d\u2019o\u00f9 l\u2019importance de la pr\u00e9vention. Et la raison pour laquelle il \u00e9tait capital de lancer \u00e0 ce niveau une autre \u00e9volution, ce que j\u2019ai fait, en mettant en \u0153uvre la psycho\u00e9ducation.[\/vc_column_text][vc_empty_space height=\u00a0\u00bb24px\u00a0\u00bb][vc_column_text css=\u00a0\u00bb.vc_custom_1690976911779{padding-top: 30px !important;padding-right: 30px !important;padding-bottom: 30px !important;padding-left: 30px !important;background-color: #ecebe5 !important;}\u00a0\u00bb]Entretemps, le programme hebdomadaire compte deux ou trois interventions psychologiques par semaine, sur des sujets aussi nombreux que vari\u00e9s, mais toujours pertinents pour la patient\u00e8le\u00a0: l\u2019estime de soi, la r\u00e9silience, la r\u00e9duction du stress, la communication ou la pleine conscience.[\/vc_column_text][vc_empty_space height=\u00a0\u00bb24px\u00a0\u00bb][vc_column_text]Depuis peu, je travaille de plus en plus avec le d\u00e9partement de recherche interne que j\u2019aide \u00e0 aborder des sujets psychologiques, comme l\u2019\u00e9quilibre \u00e9motionnel. C\u2019est formidable de voir que la psychologie prend de plus en plus d\u2019importance dans nos \u00e9tudes \u00e9galement. Une chose que je trouve particuli\u00e8rement positive, chez Buchinger Wilhelmi, c\u2019est que moi, psychologue, fais d\u00e9sormais partie int\u00e9grante et reconnue de l\u2019\u00e9quipe m\u00e9dicale, et que la collaboration avec les m\u00e9decins se passe \u00e0 merveille.[\/vc_column_text][vc_empty_space][\/vc_column][\/vc_row][vc_row][vc_column][vc_empty_space][vc_column_text]<strong>En quoi consiste le soutien que vous et votre \u00e9quipe fournissez aux h\u00f4tes qui je\u00fbnent ?<\/strong><\/p>\n<p>D\u2019abord par une approche psycho\u00e9ducative qui s\u2019adresse \u00e0 tous les h\u00f4tes. Dans le cadre de notre Programme hebdomadaire, tout le monde peut participer \u00e0 des s\u00e9ances de relaxation et \u00e0 des conf\u00e9rences sur des sujets psychologiques.<\/p>\n<p>Si vous prenez rendez-vous pour une consultation individuelle, nous vous aiderons, par exemple, \u00e0 faire le point sur des questions familiales, professionnelles ou psychologiques. Parfois, ce sont justement ces raisons-l\u00e0 qui ont pouss\u00e9 un h\u00f4te \u00e0 venir s\u00e9journer chez Buchinger Wilhelmi. Lors de la th\u00e9rapie, nous accompagnerons ces personnes dans leur introspection, en exploitant certaines techniques de questionnement, lesquelles leur permettront pr\u00e9cis\u00e9ment de trouver, elles-m\u00eames, les r\u00e9ponses \u00e0 leurs questions existentielles. Mais souvent, il s\u2019agit aussi d\u2019une r\u00e9orientation apr\u00e8s un s\u00e9jour \u00e0 la clinique.<\/p>\n<p>Actuellement, nous d\u00e9finissons de concert avec l\u2019\u00e9quipe de notre clinique de Marbella ce que signifie la psychologie chez Buchinger Wilhelmi. Or, bien que le d\u00e9partement de psychologie s\u2019y soit d\u00e9velopp\u00e9 s\u00e9par\u00e9ment, nous remarquons que notre syst\u00e8me de valeurs est finalement \u00e9trangement similaire.[\/vc_column_text][vc_empty_space][vc_empty_space][vc_column_text]<strong>Pourquoi le je\u00fbne est-il un moment si propice \u00e0 l\u2019introspection ?<\/strong>[\/vc_column_text][vc_empty_space height=\u00a0\u00bb12px\u00a0\u00bb][\/vc_column][\/vc_row][vc_row][vc_column width=\u00a0\u00bb1\/2&Prime;][vc_empty_space height=\u00a0\u00bb12px\u00a0\u00bb][vc_column_text]C\u2019est un fait, le je\u00fbne favorise <span class=\"marker-beige\">l\u2019introspection<\/span>, c&rsquo;est-\u00e0-dire l&rsquo;observation de soi.<\/p>\n<p>En m\u00eame temps, nos h\u00f4tes ont le temps de s\u2019occuper d\u2019eux-m\u00eames. L\u2019absence de stimuli ext\u00e9rieurs permet aux \u00e9motions refoul\u00e9es de remonter \u00e0 la surface. L\u2019\u00e2me s\u2019ouvre lorsque les m\u00e9canismes de refoulement ant\u00e9rieurs (activ\u00e9s par l\u2019alcool, les exc\u00e8s de nourriture ou le travail) disparaissent, et les choses surgissent souvent d\u2019elles-m\u00eames. \u00c7a arrive parfois en cours de massage ou de traitement corporel, l\u2019esprit et le corps \u00e9tant intimement li\u00e9s. La lev\u00e9e des blocages physiques lib\u00e8re souvent des \u00e9motions li\u00e9es \u00e0 des pens\u00e9es ou \u00e0 des convictions. Ces liens deviennent plus clairs au fil de la consultation. La cure de je\u00fbne est donc le moment id\u00e9al pour travailler sur ses \u00e9motions plut\u00f4t que de les repousser. Et c\u2019est pr\u00e9cis\u00e9ment pour \u00e7a que nous sommes l\u00e0. Nous voulons rattraper nos h\u00f4tes et les aider \u00e0 g\u00e9rer ces choses-l\u00e0.<\/p>\n<p>Bien que la dur\u00e9e du s\u00e9jour ne permette g\u00e9n\u00e9ralement que quelques s\u00e9ances de th\u00e9rapie, les patients sont dans un \u00e9tat d\u2019esprit si particulier et si r\u00e9ceptif, qu\u2019une grande \u00e9volution se produit souvent en un temps record. Il arrive m\u00eame qu\u2019un seul entretien suffise \u00e0 donner l\u2019impulsion salvatrice.[\/vc_column_text][\/vc_column][vc_column width=\u00a0\u00bb1\/2&Prime;][vc_empty_space height=\u00a0\u00bb12px\u00a0\u00bb][vc_single_image image=\u00a0\u00bb56639&Prime; img_size=\u00a0\u00bbfull\u00a0\u00bb][vc_empty_space height=\u00a0\u00bb24px\u00a0\u00bb][vc_single_image image=\u00a0\u00bb56635&Prime; img_size=\u00a0\u00bbfull\u00a0\u00bb][\/vc_column][\/vc_row][vc_row][vc_column][vc_empty_space][vc_empty_space][vc_column_text]<strong>On dit que de plus en plus de personnes deviennent perm\u00e9ables au soutien psychologique, vrai ou faux d\u2019apr\u00e8s vous ?<\/strong><\/p>\n<p>Je dirais que cette ouverture est une question de culture et de g\u00e9n\u00e9ration, et qu\u2019elle varie d\u2019une personne \u00e0 l\u2019autre, cela coule de source. \u00c7a d\u00e9pend toujours de ce que l\u2019on associe \u00e0 la psychoth\u00e9rapie. D\u2019une mani\u00e8re g\u00e9n\u00e9rale, les jeunes gens seront plus ouverts que les seniors. Je peux me tromper, mais j\u2019ai le sentiment que, dans l\u2019ensemble, le soutien psychologique est bien accept\u00e9, peut-\u00eatre m\u00eame de mieux en mieux. C\u2019est justement lorsque les gens disposent de plusieurs sources d\u2019informations, par exemple quand ils tiennent leurs renseignements \u00e0 la fois de leurs m\u00e9decins et d\u2019autres h\u00f4tes, qu\u2019ils seront plus enclins \u00e0 r\u00e9server une consultation aupr\u00e8s de notre \u00e9quipe.<\/p>\n<p>&nbsp;<\/p>\n<p><strong>Quelles sont les offres psychologiques chez Buchinger Wilhelmi <\/strong><\/p>\n<p>Il y a dix ans, c\u2019\u00e9taient surtout la psychoth\u00e9rapie, la th\u00e9rapie de couple et le coaching professionnel qui primaient. Depuis, notre programme int\u00e8gre de multiples offres orient\u00e9es vers la discussion, qui offrent une r\u00e9ponse \u00e0 moult questions, dont la consultation psychologique, certes, mais aussi les life coaching, health coaching, mental health coaching, ou encore notre programme ob\u00e9sit\u00e9, voire derni\u00e8rement notre soutien psycho-oncologique apr\u00e8s un cancer. Nous proposons \u00e9galement du training autog\u00e8ne ou de l\u2019artth\u00e9rapie. Au demeurant, que certains h\u00f4tes ne savent pas exactement ce qui serait bon pour eux ne pose aucun probl\u00e8me. <span class=\"marker-beige\">Nous nous faisons fort d\u2019aller chercher chaque personne, l\u00e0 o\u00f9 elle se trouve,<\/span> et d\u00e9terminons ensemble la bonne voie \u00e0 suivre. La diversit\u00e9 de nos offres montre l\u2019envergure et toute la richesse du soutien psychologique.<\/p>\n<p>&nbsp;<\/p>\n<p><strong>Que souhaiteriez-vous dire aux gens qui appr\u00e9hendent de solliciter un conseil psychologique ?<\/strong><\/p>\n<p>Tout d\u2019abord que les offres du Programme hebdomadaire sont gratuites et qu\u2019elles offrent une excellente opportunit\u00e9 de s\u2019initier au sujet. Qu\u2019il serait aussi judicieux et fort utile d\u2019en parler avec d\u2019autres h\u00f4tes ou d\u2019autres m\u00e9decins.<\/p>\n<p>En fait, on ne peut jamais faire d\u2019erreur en optant pour un entretien psychologique, car on peut toujours en tirer quelque chose de positif pour soi-m\u00eame. Dans nos entretiens, nous avons un environnement tr\u00e8s ouvert. Il n\u2019y a ni critique ni bl\u00e2me et encore moins de jugement. Dans cette <span class=\"marker-beige\">atmosph\u00e8re d\u2019acceptation totale<\/span>, nous examinons ensemble ce dont la personne a besoin et ce qui lui ferait du bien. Bref, le conseil psychologique \u00e9quivaut en quelque sorte \u00e0 vous mettre du \u00ab baume au c\u0153ur \u00bb ![\/vc_column_text][\/vc_column][\/vc_row][vc_row][vc_column][vc_empty_space height=\u00a0\u00bb22px\u00a0\u00bb][vc_empty_space][vc_column_text]<strong>Merci infiniment pour tous ces aper\u00e7us captivants, Dre Green ! Juste une question encore, o\u00f9 les h\u00f4tes peuvent-ils s\u2019informer sur les offres psychologiques propos\u00e9es dans les cliniques ?<\/strong><\/p>\n<p>Dans le Booklet, qui d\u00e9crit toutes les th\u00e9rapies disponibles, dont les offres psychologiques. Mais aussi sur place, en abordant d\u2019embl\u00e9e le sujet avec le Planning des th\u00e9rapies et en r\u00e9servant un rendez-vous individuel. Lors de cette premi\u00e8re consultation, nous vous aiderons \u00e0 trouver la bonne th\u00e9rapie ![\/vc_column_text][vc_empty_space][vc_empty_space height=\u00a0\u00bb22px\u00a0\u00bb]<div class=\"norebro-button-sc btn-wrap text-left\" \n\tid=\"norebro-custom-69f5cad5956e2\"\n\t \n\t>\n\n\t<a href=\"https:\/\/www.buchinger-wilhelmi.com\/fr\/kontakt\/\" target=\"_blank\" \n\t\tclass=\"btn  btn-outline btn-small\">\n\n\t\t\n\t\t<span class=\"text\">\n\t\t\tDemander sans engagement\t\t<\/span>\n\n\t\t\n\t\t\t<\/a>\n\n<\/div>[vc_empty_space][\/vc_column][\/vc_row]\n<\/div>","protected":false},"excerpt":{"rendered":"<p>L\u2019exp\u00e9rience du je\u00fbne allant bien au-del\u00e0 de l\u2019aspect physique, ce que savait d\u00e9j\u00e0 Otto Buchinger il y a plus de 100 ans, la psychologie a toujours jou\u00e9 un r\u00f4le cl\u00e9 dans les cliniques Buchinger Wilhelmi. <\/p>\n","protected":false},"author":30,"featured_media":56641,"comment_status":"closed","ping_status":"closed","sticky":false,"template":"","format":"standard","meta":{"_acf_changed":false,"_custom_body_class":"","_custom_post_class":"","_searchwp_excluded":"","inline_featured_image":false,"footnotes":""},"categories":[106],"tags":[],"class_list":["post-68135","post","type-post","status-publish","format-standard","has-post-thumbnail","hentry","category-news"],"acf":[],"yoast_head":"<!-- This site is optimized with the Yoast SEO plugin v23.8 - https:\/\/yoast.com\/wordpress\/plugins\/seo\/ -->\n<title>Interview avec la Dre Lisa Green - BUCHINGER WILHELMI<\/title>\n<meta name=\"description\" content=\"Apprenez-en plus sur la mani\u00e8re dont le domaine de la psychosociologie s&#039;est d\u00e9velopp\u00e9 \u00e0 la clinique de je\u00fbne Buchinger Wilhelmi!\" \/>\n<meta name=\"robots\" content=\"index, follow, max-snippet:-1, max-image-preview:large, max-video-preview:-1\" \/>\n<link rel=\"canonical\" href=\"https:\/\/www.buchinger-wilhelmi.com\/fr\/interview-avec-dr-lisa-green\/\" \/>\n<meta property=\"og:locale\" content=\"fr_FR\" \/>\n<meta property=\"og:type\" content=\"article\" \/>\n<meta property=\"og:title\" content=\"Interview avec la Dre Lisa Green - BUCHINGER WILHELMI\" \/>\n<meta property=\"og:description\" content=\"Apprenez-en plus sur la mani\u00e8re dont le domaine de la psychosociologie s&#039;est d\u00e9velopp\u00e9 \u00e0 la clinique de je\u00fbne Buchinger Wilhelmi!\" \/>\n<meta property=\"og:url\" content=\"https:\/\/www.buchinger-wilhelmi.com\/fr\/interview-avec-dr-lisa-green\/\" \/>\n<meta property=\"article:publisher\" content=\"https:\/\/www.facebook.com\/BuchingerWilhelmiMarbella\/\" \/>\n<meta property=\"article:published_time\" content=\"2023-08-08T12:20:32+00:00\" \/>\n<meta property=\"article:modified_time\" content=\"2025-11-05T14:02:37+00:00\" \/>\n<meta property=\"og:image\" content=\"https:\/\/www.buchinger-wilhelmi.com\/wp-content\/uploads\/2022\/05\/psychotherapie2-scaled.jpg\" \/>\n\t<meta property=\"og:image:width\" content=\"2560\" \/>\n\t<meta property=\"og:image:height\" content=\"1703\" \/>\n\t<meta property=\"og:image:type\" content=\"image\/jpeg\" \/>\n<meta name=\"author\" content=\"Barbara Philipps\" \/>\n<meta name=\"twitter:card\" content=\"summary_large_image\" \/>\n<meta name=\"twitter:label1\" content=\"\u00c9crit par\" \/>\n\t<meta name=\"twitter:data1\" content=\"Barbara Philipps\" \/>\n\t<meta name=\"twitter:label2\" content=\"Dur\u00e9e de lecture estim\u00e9e\" \/>\n\t<meta name=\"twitter:data2\" content=\"9 minutes\" \/>\n<script type=\"application\/ld+json\" class=\"yoast-schema-graph\">{\"@context\":\"https:\/\/schema.org\",\"@graph\":[{\"@type\":\"Article\",\"@id\":\"https:\/\/www.buchinger-wilhelmi.com\/fr\/interview-avec-dr-lisa-green\/#article\",\"isPartOf\":{\"@id\":\"https:\/\/www.buchinger-wilhelmi.com\/fr\/interview-avec-dr-lisa-green\/\"},\"author\":{\"name\":\"Barbara Philipps\",\"@id\":\"https:\/\/www.buchinger-wilhelmi.com\/fr\/#\/schema\/person\/7a939850a619fa6f7562beac18cbf295\"},\"headline\":\"Interview avec la Dre Lisa Green\",\"datePublished\":\"2023-08-08T12:20:32+00:00\",\"dateModified\":\"2025-11-05T14:02:37+00:00\",\"mainEntityOfPage\":{\"@id\":\"https:\/\/www.buchinger-wilhelmi.com\/fr\/interview-avec-dr-lisa-green\/\"},\"wordCount\":1888,\"publisher\":{\"@id\":\"https:\/\/www.buchinger-wilhelmi.com\/fr\/#organization\"},\"image\":{\"@id\":\"https:\/\/www.buchinger-wilhelmi.com\/fr\/interview-avec-dr-lisa-green\/#primaryimage\"},\"thumbnailUrl\":\"https:\/\/www.buchinger-wilhelmi.com\/wp-content\/uploads\/2022\/05\/psychotherapie2-scaled.jpg\",\"articleSection\":[\"Actualit\u00e9s\"],\"inLanguage\":\"fr-FR\"},{\"@type\":\"WebPage\",\"@id\":\"https:\/\/www.buchinger-wilhelmi.com\/fr\/interview-avec-dr-lisa-green\/\",\"url\":\"https:\/\/www.buchinger-wilhelmi.com\/fr\/interview-avec-dr-lisa-green\/\",\"name\":\"Interview avec la Dre Lisa Green - BUCHINGER WILHELMI\",\"isPartOf\":{\"@id\":\"https:\/\/www.buchinger-wilhelmi.com\/fr\/#website\"},\"primaryImageOfPage\":{\"@id\":\"https:\/\/www.buchinger-wilhelmi.com\/fr\/interview-avec-dr-lisa-green\/#primaryimage\"},\"image\":{\"@id\":\"https:\/\/www.buchinger-wilhelmi.com\/fr\/interview-avec-dr-lisa-green\/#primaryimage\"},\"thumbnailUrl\":\"https:\/\/www.buchinger-wilhelmi.com\/wp-content\/uploads\/2022\/05\/psychotherapie2-scaled.jpg\",\"datePublished\":\"2023-08-08T12:20:32+00:00\",\"dateModified\":\"2025-11-05T14:02:37+00:00\",\"description\":\"Apprenez-en plus sur la mani\u00e8re dont le domaine de la psychosociologie s'est d\u00e9velopp\u00e9 \u00e0 la clinique de je\u00fbne Buchinger Wilhelmi!\",\"breadcrumb\":{\"@id\":\"https:\/\/www.buchinger-wilhelmi.com\/fr\/interview-avec-dr-lisa-green\/#breadcrumb\"},\"inLanguage\":\"fr-FR\",\"potentialAction\":[{\"@type\":\"ReadAction\",\"target\":[\"https:\/\/www.buchinger-wilhelmi.com\/fr\/interview-avec-dr-lisa-green\/\"]}]},{\"@type\":\"ImageObject\",\"inLanguage\":\"fr-FR\",\"@id\":\"https:\/\/www.buchinger-wilhelmi.com\/fr\/interview-avec-dr-lisa-green\/#primaryimage\",\"url\":\"https:\/\/www.buchinger-wilhelmi.com\/wp-content\/uploads\/2022\/05\/psychotherapie2-scaled.jpg\",\"contentUrl\":\"https:\/\/www.buchinger-wilhelmi.com\/wp-content\/uploads\/2022\/05\/psychotherapie2-scaled.jpg\",\"width\":2560,\"height\":1703,\"caption\":\"Psychologische Beratung und Coaching bei Buchinger Wilhelmi\"},{\"@type\":\"BreadcrumbList\",\"@id\":\"https:\/\/www.buchinger-wilhelmi.com\/fr\/interview-avec-dr-lisa-green\/#breadcrumb\",\"itemListElement\":[{\"@type\":\"ListItem\",\"position\":1,\"name\":\"Startseite\",\"item\":\"https:\/\/www.buchinger-wilhelmi.com\/fr\/\"},{\"@type\":\"ListItem\",\"position\":2,\"name\":\"Interview avec la Dre Lisa Green\"}]},{\"@type\":\"WebSite\",\"@id\":\"https:\/\/www.buchinger-wilhelmi.com\/fr\/#website\",\"url\":\"https:\/\/www.buchinger-wilhelmi.com\/fr\/\",\"name\":\"\",\"description\":\"\",\"publisher\":{\"@id\":\"https:\/\/www.buchinger-wilhelmi.com\/fr\/#organization\"},\"potentialAction\":[{\"@type\":\"SearchAction\",\"target\":{\"@type\":\"EntryPoint\",\"urlTemplate\":\"https:\/\/www.buchinger-wilhelmi.com\/fr\/?s={search_term_string}\"},\"query-input\":{\"@type\":\"PropertyValueSpecification\",\"valueRequired\":true,\"valueName\":\"search_term_string\"}}],\"inLanguage\":\"fr-FR\"},{\"@type\":\"Organization\",\"@id\":\"https:\/\/www.buchinger-wilhelmi.com\/fr\/#organization\",\"name\":\"Buchinger Wilhelmi Holding GmbH & Co.KG\",\"url\":\"https:\/\/www.buchinger-wilhelmi.com\/fr\/\",\"logo\":{\"@type\":\"ImageObject\",\"inLanguage\":\"fr-FR\",\"@id\":\"https:\/\/www.buchinger-wilhelmi.com\/fr\/#\/schema\/logo\/image\/\",\"url\":\"https:\/\/www.buchinger-wilhelmi.com\/wp-content\/uploads\/2018\/04\/BW_Logo_black.png\",\"contentUrl\":\"https:\/\/www.buchinger-wilhelmi.com\/wp-content\/uploads\/2018\/04\/BW_Logo_black.png\",\"width\":303,\"height\":76,\"caption\":\"Buchinger Wilhelmi Holding GmbH & Co.KG\"},\"image\":{\"@id\":\"https:\/\/www.buchinger-wilhelmi.com\/fr\/#\/schema\/logo\/image\/\"},\"sameAs\":[\"https:\/\/www.facebook.com\/BuchingerWilhelmiMarbella\/\",\"https:\/\/www.instagram.com\/buchingerwilhelmi\/\",\"https:\/\/www.linkedin.com\/company\/buchingerwilhelmi\/\",\"https:\/\/www.pinterest.de\/buchingerwilhelmi\/\",\"https:\/\/www.youtube.com\/channel\/UC6jETvWDCI_W-VVG2AjxOfw\"]},{\"@type\":\"Person\",\"@id\":\"https:\/\/www.buchinger-wilhelmi.com\/fr\/#\/schema\/person\/7a939850a619fa6f7562beac18cbf295\",\"name\":\"Barbara Philipps\"}]}<\/script>\n<!-- \/ Yoast SEO plugin. -->","yoast_head_json":{"title":"Interview avec la Dre Lisa Green - BUCHINGER WILHELMI","description":"Apprenez-en plus sur la mani\u00e8re dont le domaine de la psychosociologie s'est d\u00e9velopp\u00e9 \u00e0 la clinique de je\u00fbne Buchinger Wilhelmi!","robots":{"index":"index","follow":"follow","max-snippet":"max-snippet:-1","max-image-preview":"max-image-preview:large","max-video-preview":"max-video-preview:-1"},"canonical":"https:\/\/www.buchinger-wilhelmi.com\/fr\/interview-avec-dr-lisa-green\/","og_locale":"fr_FR","og_type":"article","og_title":"Interview avec la Dre Lisa Green - BUCHINGER WILHELMI","og_description":"Apprenez-en plus sur la mani\u00e8re dont le domaine de la psychosociologie s'est d\u00e9velopp\u00e9 \u00e0 la clinique de je\u00fbne Buchinger Wilhelmi!","og_url":"https:\/\/www.buchinger-wilhelmi.com\/fr\/interview-avec-dr-lisa-green\/","article_publisher":"https:\/\/www.facebook.com\/BuchingerWilhelmiMarbella\/","article_published_time":"2023-08-08T12:20:32+00:00","article_modified_time":"2025-11-05T14:02:37+00:00","og_image":[{"width":2560,"height":1703,"url":"https:\/\/www.buchinger-wilhelmi.com\/wp-content\/uploads\/2022\/05\/psychotherapie2-scaled.jpg","type":"image\/jpeg"}],"author":"Barbara Philipps","twitter_card":"summary_large_image","twitter_misc":{"\u00c9crit par":"Barbara Philipps","Dur\u00e9e de lecture estim\u00e9e":"9 minutes"},"schema":{"@context":"https:\/\/schema.org","@graph":[{"@type":"Article","@id":"https:\/\/www.buchinger-wilhelmi.com\/fr\/interview-avec-dr-lisa-green\/#article","isPartOf":{"@id":"https:\/\/www.buchinger-wilhelmi.com\/fr\/interview-avec-dr-lisa-green\/"},"author":{"name":"Barbara Philipps","@id":"https:\/\/www.buchinger-wilhelmi.com\/fr\/#\/schema\/person\/7a939850a619fa6f7562beac18cbf295"},"headline":"Interview avec la Dre Lisa Green","datePublished":"2023-08-08T12:20:32+00:00","dateModified":"2025-11-05T14:02:37+00:00","mainEntityOfPage":{"@id":"https:\/\/www.buchinger-wilhelmi.com\/fr\/interview-avec-dr-lisa-green\/"},"wordCount":1888,"publisher":{"@id":"https:\/\/www.buchinger-wilhelmi.com\/fr\/#organization"},"image":{"@id":"https:\/\/www.buchinger-wilhelmi.com\/fr\/interview-avec-dr-lisa-green\/#primaryimage"},"thumbnailUrl":"https:\/\/www.buchinger-wilhelmi.com\/wp-content\/uploads\/2022\/05\/psychotherapie2-scaled.jpg","articleSection":["Actualit\u00e9s"],"inLanguage":"fr-FR"},{"@type":"WebPage","@id":"https:\/\/www.buchinger-wilhelmi.com\/fr\/interview-avec-dr-lisa-green\/","url":"https:\/\/www.buchinger-wilhelmi.com\/fr\/interview-avec-dr-lisa-green\/","name":"Interview avec la Dre Lisa Green - BUCHINGER WILHELMI","isPartOf":{"@id":"https:\/\/www.buchinger-wilhelmi.com\/fr\/#website"},"primaryImageOfPage":{"@id":"https:\/\/www.buchinger-wilhelmi.com\/fr\/interview-avec-dr-lisa-green\/#primaryimage"},"image":{"@id":"https:\/\/www.buchinger-wilhelmi.com\/fr\/interview-avec-dr-lisa-green\/#primaryimage"},"thumbnailUrl":"https:\/\/www.buchinger-wilhelmi.com\/wp-content\/uploads\/2022\/05\/psychotherapie2-scaled.jpg","datePublished":"2023-08-08T12:20:32+00:00","dateModified":"2025-11-05T14:02:37+00:00","description":"Apprenez-en plus sur la mani\u00e8re dont le domaine de la psychosociologie s'est d\u00e9velopp\u00e9 \u00e0 la clinique de je\u00fbne Buchinger Wilhelmi!","breadcrumb":{"@id":"https:\/\/www.buchinger-wilhelmi.com\/fr\/interview-avec-dr-lisa-green\/#breadcrumb"},"inLanguage":"fr-FR","potentialAction":[{"@type":"ReadAction","target":["https:\/\/www.buchinger-wilhelmi.com\/fr\/interview-avec-dr-lisa-green\/"]}]},{"@type":"ImageObject","inLanguage":"fr-FR","@id":"https:\/\/www.buchinger-wilhelmi.com\/fr\/interview-avec-dr-lisa-green\/#primaryimage","url":"https:\/\/www.buchinger-wilhelmi.com\/wp-content\/uploads\/2022\/05\/psychotherapie2-scaled.jpg","contentUrl":"https:\/\/www.buchinger-wilhelmi.com\/wp-content\/uploads\/2022\/05\/psychotherapie2-scaled.jpg","width":2560,"height":1703,"caption":"Psychologische Beratung und Coaching bei Buchinger Wilhelmi"},{"@type":"BreadcrumbList","@id":"https:\/\/www.buchinger-wilhelmi.com\/fr\/interview-avec-dr-lisa-green\/#breadcrumb","itemListElement":[{"@type":"ListItem","position":1,"name":"Startseite","item":"https:\/\/www.buchinger-wilhelmi.com\/fr\/"},{"@type":"ListItem","position":2,"name":"Interview avec la Dre Lisa Green"}]},{"@type":"WebSite","@id":"https:\/\/www.buchinger-wilhelmi.com\/fr\/#website","url":"https:\/\/www.buchinger-wilhelmi.com\/fr\/","name":"","description":"","publisher":{"@id":"https:\/\/www.buchinger-wilhelmi.com\/fr\/#organization"},"potentialAction":[{"@type":"SearchAction","target":{"@type":"EntryPoint","urlTemplate":"https:\/\/www.buchinger-wilhelmi.com\/fr\/?s={search_term_string}"},"query-input":{"@type":"PropertyValueSpecification","valueRequired":true,"valueName":"search_term_string"}}],"inLanguage":"fr-FR"},{"@type":"Organization","@id":"https:\/\/www.buchinger-wilhelmi.com\/fr\/#organization","name":"Buchinger Wilhelmi Holding GmbH & Co.KG","url":"https:\/\/www.buchinger-wilhelmi.com\/fr\/","logo":{"@type":"ImageObject","inLanguage":"fr-FR","@id":"https:\/\/www.buchinger-wilhelmi.com\/fr\/#\/schema\/logo\/image\/","url":"https:\/\/www.buchinger-wilhelmi.com\/wp-content\/uploads\/2018\/04\/BW_Logo_black.png","contentUrl":"https:\/\/www.buchinger-wilhelmi.com\/wp-content\/uploads\/2018\/04\/BW_Logo_black.png","width":303,"height":76,"caption":"Buchinger Wilhelmi Holding GmbH & Co.KG"},"image":{"@id":"https:\/\/www.buchinger-wilhelmi.com\/fr\/#\/schema\/logo\/image\/"},"sameAs":["https:\/\/www.facebook.com\/BuchingerWilhelmiMarbella\/","https:\/\/www.instagram.com\/buchingerwilhelmi\/","https:\/\/www.linkedin.com\/company\/buchingerwilhelmi\/","https:\/\/www.pinterest.de\/buchingerwilhelmi\/","https:\/\/www.youtube.com\/channel\/UC6jETvWDCI_W-VVG2AjxOfw"]},{"@type":"Person","@id":"https:\/\/www.buchinger-wilhelmi.com\/fr\/#\/schema\/person\/7a939850a619fa6f7562beac18cbf295","name":"Barbara Philipps"}]}},"_links":{"self":[{"href":"https:\/\/www.buchinger-wilhelmi.com\/fr\/wp-json\/wp\/v2\/posts\/68135"}],"collection":[{"href":"https:\/\/www.buchinger-wilhelmi.com\/fr\/wp-json\/wp\/v2\/posts"}],"about":[{"href":"https:\/\/www.buchinger-wilhelmi.com\/fr\/wp-json\/wp\/v2\/types\/post"}],"author":[{"embeddable":true,"href":"https:\/\/www.buchinger-wilhelmi.com\/fr\/wp-json\/wp\/v2\/users\/30"}],"replies":[{"embeddable":true,"href":"https:\/\/www.buchinger-wilhelmi.com\/fr\/wp-json\/wp\/v2\/comments?post=68135"}],"version-history":[{"count":11,"href":"https:\/\/www.buchinger-wilhelmi.com\/fr\/wp-json\/wp\/v2\/posts\/68135\/revisions"}],"predecessor-version":[{"id":91458,"href":"https:\/\/www.buchinger-wilhelmi.com\/fr\/wp-json\/wp\/v2\/posts\/68135\/revisions\/91458"}],"wp:featuredmedia":[{"embeddable":true,"href":"https:\/\/www.buchinger-wilhelmi.com\/fr\/wp-json\/wp\/v2\/media\/56641"}],"wp:attachment":[{"href":"https:\/\/www.buchinger-wilhelmi.com\/fr\/wp-json\/wp\/v2\/media?parent=68135"}],"wp:term":[{"taxonomy":"category","embeddable":true,"href":"https:\/\/www.buchinger-wilhelmi.com\/fr\/wp-json\/wp\/v2\/categories?post=68135"},{"taxonomy":"post_tag","embeddable":true,"href":"https:\/\/www.buchinger-wilhelmi.com\/fr\/wp-json\/wp\/v2\/tags?post=68135"}],"curies":[{"name":"wp","href":"https:\/\/api.w.org\/{rel}","templated":true}]}}