{"id":68333,"date":"2023-08-01T16:36:36","date_gmt":"2023-08-01T14:36:36","guid":{"rendered":"https:\/\/www.buchinger-wilhelmi.com\/neue-aerztinnen-ueberlingen-marbella\/"},"modified":"2023-08-22T10:52:18","modified_gmt":"2023-08-22T08:52:18","slug":"nos-nouveaux-medecins-a-ueberlingen-et-a-marbella","status":"publish","type":"post","link":"https:\/\/www.buchinger-wilhelmi.com\/fr\/nos-nouveaux-medecins-a-ueberlingen-et-a-marbella\/","title":{"rendered":"Nos nouveaux m\u00e9decins \u00e0 \u00dcberlingen et \u00e0 Marbella"},"content":{"rendered":"<div class=\"wpb-content-wrapper\">[vc_row][vc_column][vc_column_text]TROIS NOUVELLES FEMMES M\u00c9DECINS CHEZ BUCHINGER WILHELMI<\/p>\n<h3>Nos nouveaux m\u00e9decins \u00e0 \u00dcberlingen et \u00e0 Marbella<\/h3>\n[\/vc_column_text][\/vc_column][\/vc_row][vc_row][vc_column][vc_empty_space][vc_column_text]Nous avons le plaisir de vous pr\u00e9senter trois nouvelles coll\u00e8gues qui viennent enrichir nos \u00e9quipes m\u00e9dicales d\u2019\u00dcberlingen et de Marbella, non seulement par leurs connaissances et leurs comp\u00e9tences, mais aussi par leur personnalit\u00e9.<\/p>\n<div class=\"wp-block-columns\">\n<div class=\"wp-block-column\"><!-- \/wp:paragraph --><\/div>\n<p><!-- \/wp:column --><\/p>\n<\/div>\n[\/vc_column_text][vc_empty_space][\/vc_column][\/vc_row][vc_row][vc_column][vc_column_text]\n\n[\/vc_column_text][vc_empty_space][\/vc_column][\/vc_row][vc_row][vc_column][vc_empty_space][vc_column_text]\n<h3>La Dre Julia Mensching :<br \/>\nm\u00e9decine et musique\u2026 une synth\u00e8se harmonieuse&#8230;<\/h3>\n<div class=\"wp-block-columns\">\n<div class=\"wp-block-column\"><!-- \/wp:paragraph --><\/div>\n<p><!-- \/wp:column --><\/p>\n<\/div>\n[\/vc_column_text][\/vc_column][\/vc_row][vc_row][vc_column width=\u00a0\u00bb2\/3&Prime;][vc_empty_space][vc_column_text]Peut-\u00eatre faites-vous partie des h\u00f4tes qui ont d\u00e9j\u00e0 rencontr\u00e9 la Dre Julia Mensching, puisqu\u2019elle a d\u00e9j\u00e0 exerc\u00e9 quelques mois dans notre clinique, \u00e0 \u00dcberlingen, d\u00e8s novembre 2019. Depuis d\u00e9cembre\u00a02022, elle fait d\u00e9sormais partie int\u00e9grante de notre \u00e9quipe, pour notre plus grand plaisir et celui de nos h\u00f4tes.<\/p>\n<p>Apr\u00e8s des \u00e9tudes de m\u00e9decine humaine, \u00e0 Hambourg, et une <span class=\"marker-beige\">sp\u00e9cialisation en m\u00e9decine physique et de r\u00e9adaptation (MPR)<\/span>, Julia Mensching travailla une dizaine d\u2019ann\u00e9es au sein d\u2019\u00e9quipes multidisciplinaires au \u00ab\u00a0Berufsgenossenschaftlichen Klinikum Hamburg\u00a0\u00bb, une clinique hambourgeoise, sp\u00e9cialis\u00e9e dans les accidents du travail. Parall\u00e8lement \u00e0 sa carri\u00e8re m\u00e9dicale, cette musicienne passionn\u00e9e, qui collectionne les prix de musique depuis sa plus tendre enfance, suivit des <span class=\"marker-beige\">\u00e9tudes de musique<\/span>, avec l\u2019alto comme mati\u00e8re principale, et joua dans des orchestres de renom, \u00e0 Wiesbaden et \u00e0 Essen.<\/p>\n<p>Apr\u00e8s sa premi\u00e8re mission chez Buchinger Wilhelmi, \u00e0 \u00dcberlingen, et un poste dans les cliniques Schmieder Allensbach, son parcours professionnel la ramena chez Buchinger Wilhelmi, \u00e0 la fin de l\u2019ann\u00e9e derni\u00e8re. L\u2019un des points forts de son activit\u00e9 est <span class=\"marker-beige\">l\u2019orthop\u00e9die<\/span>. Elle y travaille en \u00e9troite collaboration avec notre \u00e9quipe de physioth\u00e9rapeutes pour \u00e9largir l\u2019offre de traitement, en proposant, notamment, une analyse de la marche. Par ailleurs, elle se sp\u00e9cialisa en acupuncture et en m\u00e9decine nutritionnelle. Julia Mensching travaille \u00e0 temps partiel, afin de concilier famille et ses passions pour son m\u00e9tier et la musique. Son regard holistique et son naturel empathique en font un atout de poids pour notre \u00e9quipe comme pour nos h\u00f4tes.<\/p>\n<div class=\"wp-block-columns\">\n<div class=\"wp-block-column\"><!-- \/wp:paragraph --><\/div>\n<p><!-- \/wp:column --><\/p>\n<\/div>\n[\/vc_column_text][vc_empty_space][\/vc_column][vc_column width=\u00a0\u00bb1\/3&Prime;][vc_empty_space el_class=\u00a0\u00bbmobilweg\u00a0\u00bb][vc_single_image image=\u00a0\u00bb67971&Prime; img_size=\u00a0\u00bbfull\u00a0\u00bb][\/vc_column][\/vc_row][vc_row][vc_column][vc_empty_space][vc_separator][vc_empty_space el_class=\u00a0\u00bbmobilweg\u00a0\u00bb][\/vc_column][\/vc_row][vc_row][vc_column][vc_empty_space][vc_column_text]\n<h3>La Dre M\u00f3nica Rodr\u00edguez\u00a0:<br \/>\nexperte en microbiome intestinal et en sant\u00e9 f\u00e9minine<\/h3>\n<div class=\"wp-block-columns\">\n<div class=\"wp-block-column\"><!-- \/wp:paragraph --><\/div>\n<p><!-- \/wp:column --><\/p>\n<\/div>\n[\/vc_column_text][\/vc_column][\/vc_row][vc_row][vc_column width=\u00a0\u00bb2\/3&Prime;][vc_empty_space][vc_column_text]La Dre M\u00f3nica Rodr\u00edguez fait partie de notre \u00e9quipe m\u00e9dicale, \u00e0 Marbella, depuis mars 2021. Avant d\u2019exercer chez Buchinger Wilhelmi, elle travaillait \u00e0 l\u2019h\u00f4pital Quir\u00f3n de Marbella et dans son propre cabinet priv\u00e9, o\u00f9 elle pratique encore aujourd\u2019hui. Avec sa longue exp\u00e9rience de terrain et sa vaste expertise en <span class=\"marker-beige\">m\u00e9decine int\u00e9grative et sant\u00e9 fonctionnelle<\/span>, elle est un grand atout pour notre clinique.<\/p>\n<p>M\u00f3nica Rodr\u00edguez est \u00e9galement une farouche partisane de l\u2019apprentissage tout au long de la vie, comme en t\u00e9moigne son propre parcours\u00a0: apr\u00e8s avoir obtenu son dipl\u00f4me de m\u00e9decine en Colombie, elle s\u2019est sp\u00e9cialis\u00e9e en <span class=\"marker-beige\">p\u00e9diatrie<\/span>. Elle obtint ensuite deux masters en <span class=\"marker-beige\">M\u00e9decine Traditionnelle Chinoise<\/span>, \u00e0 S\u00e9ville (Espagne) et en Californie (\u00c9tats-Unis). En outre, elle suivit une formation en hypnoth\u00e9rapie, aux \u00c9tats-Unis, et obtint un autre master en psycho-neuro-immunologie (PNI) en Espagne.<\/p>\n<p>Si elle a choisi de rejoindre l\u2019\u00e9quipe m\u00e9dicale de Buchinger Wilhelmi, c\u2019est d\u2019une part parce que l\u2019approche int\u00e9grative et le fondement scientifique de nos cliniques correspondent \u00e0 ses convictions et \u00e0 son orientation, et, de l\u2019autre, parce qu\u2019elle a appris \u00e0 appr\u00e9cier la collaboration interdisciplinaire avec des m\u00e9decins renomm\u00e9s au cours de ses longues ann\u00e9es de pratique m\u00e9dicale.<\/p>\n<p>Experte dans l\u2019\u00e9tude et le traitement du <span class=\"marker-beige\">microbiome intestinal<\/span>, la Dr M\u00f3nica Rodr\u00edguez propose une consultation sp\u00e9ciale sur le microbiome. Elle se concentre \u00e9galement sur la sant\u00e9 f\u00e9minine, en particulier pendant la p\u00e9rim\u00e9nopause et <span class=\"marker-beige\">la m\u00e9nopause<\/span>, des phases durant lesquelles son approche th\u00e9rapeutique personnalis\u00e9e et holistique, bas\u00e9e sur l\u2019acupuncture et l\u2019ozonoth\u00e9rapie, apporte un soutien pr\u00e9cieux.<\/p>\n<div class=\"wp-block-columns\">\n<div class=\"wp-block-column\"><!-- \/wp:paragraph --><\/div>\n<p><!-- \/wp:column --><\/p>\n<\/div>\n[\/vc_column_text][vc_empty_space][\/vc_column][vc_column width=\u00a0\u00bb1\/3&Prime;][vc_empty_space el_class=\u00a0\u00bbmobilweg\u00a0\u00bb][vc_single_image image=\u00a0\u00bb55760&Prime; img_size=\u00a0\u00bbfull\u00a0\u00bb][\/vc_column][\/vc_row][vc_row][vc_column][vc_empty_space][vc_separator][vc_empty_space el_class=\u00a0\u00bbmobilweg\u00a0\u00bb][\/vc_column][\/vc_row][vc_row][vc_column][vc_empty_space][vc_column_text]\n<h3>La Dre Arina Cadariu\u00a0:<br \/>\nformation internationale et 20 ans d\u2019exp\u00e9rience clinique<\/h3>\n<div class=\"wp-block-columns\">\n<div class=\"wp-block-column\"><!-- \/wp:paragraph --><\/div>\n<p><!-- \/wp:column --><\/p>\n<\/div>\n[\/vc_column_text][\/vc_column][\/vc_row][vc_row][vc_column width=\u00a0\u00bb2\/3&Prime;][vc_empty_space][vc_column_text]La Dre Arina Cadariu combine 20 ans d\u2019exp\u00e9rience en m\u00e9decine interne avec l\u2019approche holistique du je\u00fbne de longue dur\u00e9e, encadr\u00e9 m\u00e9dicalement\u00a0: \u00ab\u00a0Mon objectif est d\u2019aider nos patientes et nos patients \u00e0 atteindre leurs objectifs \u00e0 long terme et \u00e0 devenir la meilleure version possible d\u2019elles ou d\u2019eux-m\u00eames, gr\u00e2ce \u00e0 une prise <span class=\"marker-beige\">en charge individuelle et au pouvoir transformateur<\/span> du je\u00fbne Buchinger Wilhelmi. Cela doit n\u00e9cessairement passer par l\u2019adoption de nouveaux modes de vie, lesquels conduiront immanquablement \u00e0 une meilleure sant\u00e9, une augmentation des performances mentales et physiques, une r\u00e9duction du stress et \u00e0 une am\u00e9lioration de la qualit\u00e9 du sommeil.\u00a0\u00bb<\/p>\n<p>Arina Cadariu obtint sa sp\u00e9cialisation en m\u00e9decine interne \u00e0 l\u2019universit\u00e9 de Yale, \u00e0 New Haven (\u00c9tats-Unis). En tant que r\u00e9sidente en chef, elle acheva sa formation, en 1997, avec des publications sur l\u2019insuffisance cardiaque, la pr\u00e9vention du cancer et la toxicomanie. Elle suivit ensuite une formation d\u2019\u00e9pid\u00e9miologiste des maladies chroniques, \u00e0 la Yale School of Epidemiology and Public Health.<\/p>\n<p>Dans le cadre de son travail au Yale New Haven Hospital (YNHH), elle se rendit compte que les traitements m\u00e9dicaux habituels n\u2019\u00e9taient souvent appliqu\u00e9s que tr\u00e8s tardivement, c\u2019est-\u00e0-dire lorsqu\u2019une maladie ou des sympt\u00f4mes avaient d\u00e9j\u00e0 atteint le stade chronique. Ce constat l\u2019a confort\u00e9e dans son int\u00e9r\u00eat pour une approche pr\u00e9ventive, globale, des principales causes de mortalit\u00e9 dans les pays industrialis\u00e9s occidentaux\u00a0: maladies cardiovasculaires, troubles m\u00e9taboliques tels que l\u2019ob\u00e9sit\u00e9, diab\u00e8tes et syndrome m\u00e9tabolique, maladies neurod\u00e9g\u00e9n\u00e9ratives et cancers.<\/p>\n<p>C\u2019est dans ce contexte que les r\u00e9sultats des recherches du National Institute of Health (NIH) sur le je\u00fbne attir\u00e8rent son attention. D\u00e8s 2017, elle suivit des formations continues sur <span class=\"marker-beige\">le je\u00fbne sous surveillance m\u00e9dicale<\/span>, en Autriche, mais aussi une formation en <span class=\"marker-beige\">acupuncture japonaise<\/span> \u00e0 la Harvard Medical School, laquelle lui permit de traiter des patientes et des patients en chimioth\u00e9rapie par acupuncture, \u00e0 l\u2019universit\u00e9 de Yale. Depuis juillet 2022, elle exerce dans notre clinique d\u2019\u00dcberlingen pour le bien-\u00eatre de nos h\u00f4tes.<\/p>\n<p>Chercheuse dans l\u2019\u00e2me, elle travaille avec acribie sur les effets du je\u00fbne sur l\u2019\u00e9pig\u00e9n\u00e9tique, le m\u00e9tabolisme et le microbiome, ainsi que sur les liens entre l\u2019alimentation et les g\u00e8nes, tout en focalisant son attention sur la mani\u00e8re dont <span class=\"marker-beige\">le je\u00fbne influence la neuroplasticit\u00e9<\/span> et pourrait contribuer \u00e0 la pr\u00e9vention et au traitement des maladies neurod\u00e9g\u00e9n\u00e9ratives.<\/p>\n<div class=\"wp-block-columns\">\n<div class=\"wp-block-column\"><!-- \/wp:paragraph --><\/div>\n<p><!-- \/wp:column --><\/p>\n<\/div>\n[\/vc_column_text][vc_empty_space][\/vc_column][vc_column width=\u00a0\u00bb1\/3&Prime;][vc_empty_space el_class=\u00a0\u00bbmobilweg\u00a0\u00bb][vc_single_image image=\u00a0\u00bb67998&Prime; img_size=\u00a0\u00bbfull\u00a0\u00bb][\/vc_column][\/vc_row][vc_row][vc_column][vc_empty_space height=\u00a0\u00bb120&Prime;][\/vc_column][\/vc_row][vc_row css=\u00a0\u00bb.vc_custom_1657897961178{padding-top: 30px !important;padding-right: 30px !important;padding-bottom: 30px !important;padding-left: 30px !important;background-color: #f7f7f7 !important;background-position: center !important;background-repeat: no-repeat !important;background-size: cover !important;}\u00a0\u00bb][vc_column width=\u00a0\u00bb1\/2&Prime;]<div class=\"norebro-heading-sc heading text-left\"\n\tid=\"norebro-custom-69f5ba61c3ffa\" \n\t \n\t>\n\t\n\t\n\t\n\t<h4 class=\"title\">\n\t\tCeci pourrait \u00e9galement vous int\u00e9resser :\t<\/h4>\n\n\t\n\t\t\t<p class=\"subtitle\">\n\t\t\t\t\t<\/p>\n\t\t\n<\/div>[vc_empty_space height=\u00a0\u00bb16&Prime;]<div class=\"norebro-button-sc btn-wrap text-left\" \n\tid=\"norebro-custom-69f5ba61c405d\"\n\t \n\t>\n\n\t<a href=\"https:\/\/www.buchinger-wilhelmi.com\/fr\/aerzte\/\" target=\"_blank\" \n\t\tclass=\"btn  btn-outline\">\n\n\t\t\n\t\t<span class=\"text\">\n\t\t\tL\u2019\u00e9quipe m\u00e9dicale Buchinger Wilhelmi\t\t<\/span>\n\n\t\t\n\t\t\t<\/a>\n\n<\/div>[vc_empty_space height=\u00a0\u00bb16&Prime;]<div class=\"norebro-button-sc btn-wrap text-left\" \n\tid=\"norebro-custom-69f5ba61c4092\"\n\t \n\t>\n\n\t<a href=\"https:\/\/www.buchinger-wilhelmi.com\/fr\/publikationen-der-buchinger-wilhelmi-kliniken\/\" target=\"_blank\" \n\t\tclass=\"btn  btn-outline\">\n\n\t\t\n\t\t<span class=\"text\">\n\t\t\t\u00c9tudes sur le je\u00fbne th\u00e9rapeutique Buchinger Wilhelmi\t\t<\/span>\n\n\t\t\n\t\t\t<\/a>\n\n<\/div>[vc_empty_space height=\u00a0\u00bb16&Prime;][\/vc_column][vc_column width=\u00a0\u00bb1\/2&Prime;][\/vc_column][\/vc_row]\n<\/div>","protected":false},"excerpt":{"rendered":"<p>Les Dres Julia Mensching, M\u00f3nica Rodriguez et Arina Cadariu apportent un concentr\u00e9 de comp\u00e9tences et de connaissances m\u00e9dicales \u00e0 nos cliniques de je\u00fbne. D\u00e9couvrez le parcours et les sp\u00e9cialit\u00e9s de nos nouvelles collaboratrices. <\/p>\n","protected":false},"author":30,"featured_media":68242,"comment_status":"closed","ping_status":"closed","sticky":false,"template":"","format":"standard","meta":{"_acf_changed":false,"_custom_body_class":"","_custom_post_class":"","_searchwp_excluded":"","inline_featured_image":false,"footnotes":""},"categories":[106],"tags":[],"class_list":["post-68333","post","type-post","status-publish","format-standard","has-post-thumbnail","hentry","category-news"],"acf":[],"yoast_head":"<!-- This site is optimized with the Yoast SEO plugin v23.8 - https:\/\/yoast.com\/wordpress\/plugins\/seo\/ -->\n<title>Nos nouveaux m\u00e9decins - Buchinger Wilhelmi<\/title>\n<meta name=\"description\" content=\"3 nouvelles coll\u00e8gues viennent renforcer l&#039;\u00e9quipe m\u00e9dicale de nos cliniques de je\u00fbne \u00e0 \u00dcberlingen et Marbella.\" \/>\n<meta name=\"robots\" content=\"index, follow, max-snippet:-1, max-image-preview:large, max-video-preview:-1\" \/>\n<link rel=\"canonical\" href=\"https:\/\/www.buchinger-wilhelmi.com\/fr\/nos-nouveaux-medecins-a-ueberlingen-et-a-marbella\/\" \/>\n<meta property=\"og:locale\" content=\"fr_FR\" \/>\n<meta property=\"og:type\" content=\"article\" \/>\n<meta property=\"og:title\" content=\"Nos nouveaux m\u00e9decins - Buchinger Wilhelmi\" \/>\n<meta property=\"og:description\" content=\"3 nouvelles coll\u00e8gues viennent renforcer l&#039;\u00e9quipe m\u00e9dicale de nos cliniques de je\u00fbne \u00e0 \u00dcberlingen et Marbella.\" \/>\n<meta property=\"og:url\" content=\"https:\/\/www.buchinger-wilhelmi.com\/fr\/nos-nouveaux-medecins-a-ueberlingen-et-a-marbella\/\" \/>\n<meta property=\"article:publisher\" content=\"https:\/\/www.facebook.com\/BuchingerWilhelmiMarbella\/\" \/>\n<meta property=\"article:published_time\" content=\"2023-08-01T14:36:36+00:00\" \/>\n<meta property=\"article:modified_time\" content=\"2023-08-22T08:52:18+00:00\" \/>\n<meta property=\"og:image\" content=\"https:\/\/www.buchinger-wilhelmi.com\/wp-content\/uploads\/2022\/11\/Dr.-Younes-Regragui2.jpg\" \/>\n\t<meta property=\"og:image:width\" content=\"510\" \/>\n\t<meta property=\"og:image:height\" content=\"495\" \/>\n\t<meta property=\"og:image:type\" content=\"image\/jpeg\" \/>\n<meta name=\"author\" content=\"Barbara Philipps\" \/>\n<meta name=\"twitter:card\" content=\"summary_large_image\" \/>\n<meta name=\"twitter:label1\" content=\"\u00c9crit par\" \/>\n\t<meta name=\"twitter:data1\" content=\"Barbara Philipps\" \/>\n\t<meta name=\"twitter:label2\" content=\"Dur\u00e9e de lecture estim\u00e9e\" \/>\n\t<meta name=\"twitter:data2\" content=\"6 minutes\" \/>\n<script type=\"application\/ld+json\" class=\"yoast-schema-graph\">{\"@context\":\"https:\/\/schema.org\",\"@graph\":[{\"@type\":\"Article\",\"@id\":\"https:\/\/www.buchinger-wilhelmi.com\/fr\/nos-nouveaux-medecins-a-ueberlingen-et-a-marbella\/#article\",\"isPartOf\":{\"@id\":\"https:\/\/www.buchinger-wilhelmi.com\/fr\/nos-nouveaux-medecins-a-ueberlingen-et-a-marbella\/\"},\"author\":{\"name\":\"Barbara Philipps\",\"@id\":\"https:\/\/www.buchinger-wilhelmi.com\/fr\/#\/schema\/person\/7a939850a619fa6f7562beac18cbf295\"},\"headline\":\"Nos nouveaux m\u00e9decins \u00e0 \u00dcberlingen et \u00e0 Marbella\",\"datePublished\":\"2023-08-01T14:36:36+00:00\",\"dateModified\":\"2023-08-22T08:52:18+00:00\",\"mainEntityOfPage\":{\"@id\":\"https:\/\/www.buchinger-wilhelmi.com\/fr\/nos-nouveaux-medecins-a-ueberlingen-et-a-marbella\/\"},\"wordCount\":1548,\"publisher\":{\"@id\":\"https:\/\/www.buchinger-wilhelmi.com\/fr\/#organization\"},\"image\":{\"@id\":\"https:\/\/www.buchinger-wilhelmi.com\/fr\/nos-nouveaux-medecins-a-ueberlingen-et-a-marbella\/#primaryimage\"},\"thumbnailUrl\":\"https:\/\/www.buchinger-wilhelmi.com\/wp-content\/uploads\/2023\/08\/Buchinger-Wilhelmi-Marbella-22-8380-scaled-e1691051211333.jpg\",\"articleSection\":[\"Actualit\u00e9s\"],\"inLanguage\":\"fr-FR\"},{\"@type\":\"WebPage\",\"@id\":\"https:\/\/www.buchinger-wilhelmi.com\/fr\/nos-nouveaux-medecins-a-ueberlingen-et-a-marbella\/\",\"url\":\"https:\/\/www.buchinger-wilhelmi.com\/fr\/nos-nouveaux-medecins-a-ueberlingen-et-a-marbella\/\",\"name\":\"Nos nouveaux m\u00e9decins - Buchinger Wilhelmi\",\"isPartOf\":{\"@id\":\"https:\/\/www.buchinger-wilhelmi.com\/fr\/#website\"},\"primaryImageOfPage\":{\"@id\":\"https:\/\/www.buchinger-wilhelmi.com\/fr\/nos-nouveaux-medecins-a-ueberlingen-et-a-marbella\/#primaryimage\"},\"image\":{\"@id\":\"https:\/\/www.buchinger-wilhelmi.com\/fr\/nos-nouveaux-medecins-a-ueberlingen-et-a-marbella\/#primaryimage\"},\"thumbnailUrl\":\"https:\/\/www.buchinger-wilhelmi.com\/wp-content\/uploads\/2023\/08\/Buchinger-Wilhelmi-Marbella-22-8380-scaled-e1691051211333.jpg\",\"datePublished\":\"2023-08-01T14:36:36+00:00\",\"dateModified\":\"2023-08-22T08:52:18+00:00\",\"description\":\"3 nouvelles coll\u00e8gues viennent renforcer l'\u00e9quipe m\u00e9dicale de nos cliniques de je\u00fbne \u00e0 \u00dcberlingen et Marbella.\",\"breadcrumb\":{\"@id\":\"https:\/\/www.buchinger-wilhelmi.com\/fr\/nos-nouveaux-medecins-a-ueberlingen-et-a-marbella\/#breadcrumb\"},\"inLanguage\":\"fr-FR\",\"potentialAction\":[{\"@type\":\"ReadAction\",\"target\":[\"https:\/\/www.buchinger-wilhelmi.com\/fr\/nos-nouveaux-medecins-a-ueberlingen-et-a-marbella\/\"]}]},{\"@type\":\"ImageObject\",\"inLanguage\":\"fr-FR\",\"@id\":\"https:\/\/www.buchinger-wilhelmi.com\/fr\/nos-nouveaux-medecins-a-ueberlingen-et-a-marbella\/#primaryimage\",\"url\":\"https:\/\/www.buchinger-wilhelmi.com\/wp-content\/uploads\/2023\/08\/Buchinger-Wilhelmi-Marbella-22-8380-scaled-e1691051211333.jpg\",\"contentUrl\":\"https:\/\/www.buchinger-wilhelmi.com\/wp-content\/uploads\/2023\/08\/Buchinger-Wilhelmi-Marbella-22-8380-scaled-e1691051211333.jpg\",\"width\":2560,\"height\":1703},{\"@type\":\"BreadcrumbList\",\"@id\":\"https:\/\/www.buchinger-wilhelmi.com\/fr\/nos-nouveaux-medecins-a-ueberlingen-et-a-marbella\/#breadcrumb\",\"itemListElement\":[{\"@type\":\"ListItem\",\"position\":1,\"name\":\"Startseite\",\"item\":\"https:\/\/www.buchinger-wilhelmi.com\/fr\/\"},{\"@type\":\"ListItem\",\"position\":2,\"name\":\"Nos nouveaux m\u00e9decins \u00e0 \u00dcberlingen et \u00e0 Marbella\"}]},{\"@type\":\"WebSite\",\"@id\":\"https:\/\/www.buchinger-wilhelmi.com\/fr\/#website\",\"url\":\"https:\/\/www.buchinger-wilhelmi.com\/fr\/\",\"name\":\"\",\"description\":\"\",\"publisher\":{\"@id\":\"https:\/\/www.buchinger-wilhelmi.com\/fr\/#organization\"},\"potentialAction\":[{\"@type\":\"SearchAction\",\"target\":{\"@type\":\"EntryPoint\",\"urlTemplate\":\"https:\/\/www.buchinger-wilhelmi.com\/fr\/?s={search_term_string}\"},\"query-input\":{\"@type\":\"PropertyValueSpecification\",\"valueRequired\":true,\"valueName\":\"search_term_string\"}}],\"inLanguage\":\"fr-FR\"},{\"@type\":\"Organization\",\"@id\":\"https:\/\/www.buchinger-wilhelmi.com\/fr\/#organization\",\"name\":\"Buchinger Wilhelmi Holding GmbH & Co.KG\",\"url\":\"https:\/\/www.buchinger-wilhelmi.com\/fr\/\",\"logo\":{\"@type\":\"ImageObject\",\"inLanguage\":\"fr-FR\",\"@id\":\"https:\/\/www.buchinger-wilhelmi.com\/fr\/#\/schema\/logo\/image\/\",\"url\":\"https:\/\/www.buchinger-wilhelmi.com\/wp-content\/uploads\/2018\/04\/BW_Logo_black.png\",\"contentUrl\":\"https:\/\/www.buchinger-wilhelmi.com\/wp-content\/uploads\/2018\/04\/BW_Logo_black.png\",\"width\":303,\"height\":76,\"caption\":\"Buchinger Wilhelmi Holding GmbH & Co.KG\"},\"image\":{\"@id\":\"https:\/\/www.buchinger-wilhelmi.com\/fr\/#\/schema\/logo\/image\/\"},\"sameAs\":[\"https:\/\/www.facebook.com\/BuchingerWilhelmiMarbella\/\",\"https:\/\/www.instagram.com\/buchingerwilhelmi\/\",\"https:\/\/www.linkedin.com\/company\/buchingerwilhelmi\/\",\"https:\/\/www.pinterest.de\/buchingerwilhelmi\/\",\"https:\/\/www.youtube.com\/channel\/UC6jETvWDCI_W-VVG2AjxOfw\"]},{\"@type\":\"Person\",\"@id\":\"https:\/\/www.buchinger-wilhelmi.com\/fr\/#\/schema\/person\/7a939850a619fa6f7562beac18cbf295\",\"name\":\"Barbara Philipps\"}]}<\/script>\n<!-- \/ Yoast SEO plugin. -->","yoast_head_json":{"title":"Nos nouveaux m\u00e9decins - Buchinger Wilhelmi","description":"3 nouvelles coll\u00e8gues viennent renforcer l'\u00e9quipe m\u00e9dicale de nos cliniques de je\u00fbne \u00e0 \u00dcberlingen et Marbella.","robots":{"index":"index","follow":"follow","max-snippet":"max-snippet:-1","max-image-preview":"max-image-preview:large","max-video-preview":"max-video-preview:-1"},"canonical":"https:\/\/www.buchinger-wilhelmi.com\/fr\/nos-nouveaux-medecins-a-ueberlingen-et-a-marbella\/","og_locale":"fr_FR","og_type":"article","og_title":"Nos nouveaux m\u00e9decins - Buchinger Wilhelmi","og_description":"3 nouvelles coll\u00e8gues viennent renforcer l'\u00e9quipe m\u00e9dicale de nos cliniques de je\u00fbne \u00e0 \u00dcberlingen et Marbella.","og_url":"https:\/\/www.buchinger-wilhelmi.com\/fr\/nos-nouveaux-medecins-a-ueberlingen-et-a-marbella\/","article_publisher":"https:\/\/www.facebook.com\/BuchingerWilhelmiMarbella\/","article_published_time":"2023-08-01T14:36:36+00:00","article_modified_time":"2023-08-22T08:52:18+00:00","og_image":[{"width":510,"height":495,"url":"https:\/\/www.buchinger-wilhelmi.com\/wp-content\/uploads\/2022\/11\/Dr.-Younes-Regragui2.jpg","type":"image\/jpeg"}],"author":"Barbara Philipps","twitter_card":"summary_large_image","twitter_misc":{"\u00c9crit par":"Barbara Philipps","Dur\u00e9e de lecture estim\u00e9e":"6 minutes"},"schema":{"@context":"https:\/\/schema.org","@graph":[{"@type":"Article","@id":"https:\/\/www.buchinger-wilhelmi.com\/fr\/nos-nouveaux-medecins-a-ueberlingen-et-a-marbella\/#article","isPartOf":{"@id":"https:\/\/www.buchinger-wilhelmi.com\/fr\/nos-nouveaux-medecins-a-ueberlingen-et-a-marbella\/"},"author":{"name":"Barbara Philipps","@id":"https:\/\/www.buchinger-wilhelmi.com\/fr\/#\/schema\/person\/7a939850a619fa6f7562beac18cbf295"},"headline":"Nos nouveaux m\u00e9decins \u00e0 \u00dcberlingen et \u00e0 Marbella","datePublished":"2023-08-01T14:36:36+00:00","dateModified":"2023-08-22T08:52:18+00:00","mainEntityOfPage":{"@id":"https:\/\/www.buchinger-wilhelmi.com\/fr\/nos-nouveaux-medecins-a-ueberlingen-et-a-marbella\/"},"wordCount":1548,"publisher":{"@id":"https:\/\/www.buchinger-wilhelmi.com\/fr\/#organization"},"image":{"@id":"https:\/\/www.buchinger-wilhelmi.com\/fr\/nos-nouveaux-medecins-a-ueberlingen-et-a-marbella\/#primaryimage"},"thumbnailUrl":"https:\/\/www.buchinger-wilhelmi.com\/wp-content\/uploads\/2023\/08\/Buchinger-Wilhelmi-Marbella-22-8380-scaled-e1691051211333.jpg","articleSection":["Actualit\u00e9s"],"inLanguage":"fr-FR"},{"@type":"WebPage","@id":"https:\/\/www.buchinger-wilhelmi.com\/fr\/nos-nouveaux-medecins-a-ueberlingen-et-a-marbella\/","url":"https:\/\/www.buchinger-wilhelmi.com\/fr\/nos-nouveaux-medecins-a-ueberlingen-et-a-marbella\/","name":"Nos nouveaux m\u00e9decins - Buchinger Wilhelmi","isPartOf":{"@id":"https:\/\/www.buchinger-wilhelmi.com\/fr\/#website"},"primaryImageOfPage":{"@id":"https:\/\/www.buchinger-wilhelmi.com\/fr\/nos-nouveaux-medecins-a-ueberlingen-et-a-marbella\/#primaryimage"},"image":{"@id":"https:\/\/www.buchinger-wilhelmi.com\/fr\/nos-nouveaux-medecins-a-ueberlingen-et-a-marbella\/#primaryimage"},"thumbnailUrl":"https:\/\/www.buchinger-wilhelmi.com\/wp-content\/uploads\/2023\/08\/Buchinger-Wilhelmi-Marbella-22-8380-scaled-e1691051211333.jpg","datePublished":"2023-08-01T14:36:36+00:00","dateModified":"2023-08-22T08:52:18+00:00","description":"3 nouvelles coll\u00e8gues viennent renforcer l'\u00e9quipe m\u00e9dicale de nos cliniques de je\u00fbne \u00e0 \u00dcberlingen et Marbella.","breadcrumb":{"@id":"https:\/\/www.buchinger-wilhelmi.com\/fr\/nos-nouveaux-medecins-a-ueberlingen-et-a-marbella\/#breadcrumb"},"inLanguage":"fr-FR","potentialAction":[{"@type":"ReadAction","target":["https:\/\/www.buchinger-wilhelmi.com\/fr\/nos-nouveaux-medecins-a-ueberlingen-et-a-marbella\/"]}]},{"@type":"ImageObject","inLanguage":"fr-FR","@id":"https:\/\/www.buchinger-wilhelmi.com\/fr\/nos-nouveaux-medecins-a-ueberlingen-et-a-marbella\/#primaryimage","url":"https:\/\/www.buchinger-wilhelmi.com\/wp-content\/uploads\/2023\/08\/Buchinger-Wilhelmi-Marbella-22-8380-scaled-e1691051211333.jpg","contentUrl":"https:\/\/www.buchinger-wilhelmi.com\/wp-content\/uploads\/2023\/08\/Buchinger-Wilhelmi-Marbella-22-8380-scaled-e1691051211333.jpg","width":2560,"height":1703},{"@type":"BreadcrumbList","@id":"https:\/\/www.buchinger-wilhelmi.com\/fr\/nos-nouveaux-medecins-a-ueberlingen-et-a-marbella\/#breadcrumb","itemListElement":[{"@type":"ListItem","position":1,"name":"Startseite","item":"https:\/\/www.buchinger-wilhelmi.com\/fr\/"},{"@type":"ListItem","position":2,"name":"Nos nouveaux m\u00e9decins \u00e0 \u00dcberlingen et \u00e0 Marbella"}]},{"@type":"WebSite","@id":"https:\/\/www.buchinger-wilhelmi.com\/fr\/#website","url":"https:\/\/www.buchinger-wilhelmi.com\/fr\/","name":"","description":"","publisher":{"@id":"https:\/\/www.buchinger-wilhelmi.com\/fr\/#organization"},"potentialAction":[{"@type":"SearchAction","target":{"@type":"EntryPoint","urlTemplate":"https:\/\/www.buchinger-wilhelmi.com\/fr\/?s={search_term_string}"},"query-input":{"@type":"PropertyValueSpecification","valueRequired":true,"valueName":"search_term_string"}}],"inLanguage":"fr-FR"},{"@type":"Organization","@id":"https:\/\/www.buchinger-wilhelmi.com\/fr\/#organization","name":"Buchinger Wilhelmi Holding GmbH & Co.KG","url":"https:\/\/www.buchinger-wilhelmi.com\/fr\/","logo":{"@type":"ImageObject","inLanguage":"fr-FR","@id":"https:\/\/www.buchinger-wilhelmi.com\/fr\/#\/schema\/logo\/image\/","url":"https:\/\/www.buchinger-wilhelmi.com\/wp-content\/uploads\/2018\/04\/BW_Logo_black.png","contentUrl":"https:\/\/www.buchinger-wilhelmi.com\/wp-content\/uploads\/2018\/04\/BW_Logo_black.png","width":303,"height":76,"caption":"Buchinger Wilhelmi Holding GmbH & Co.KG"},"image":{"@id":"https:\/\/www.buchinger-wilhelmi.com\/fr\/#\/schema\/logo\/image\/"},"sameAs":["https:\/\/www.facebook.com\/BuchingerWilhelmiMarbella\/","https:\/\/www.instagram.com\/buchingerwilhelmi\/","https:\/\/www.linkedin.com\/company\/buchingerwilhelmi\/","https:\/\/www.pinterest.de\/buchingerwilhelmi\/","https:\/\/www.youtube.com\/channel\/UC6jETvWDCI_W-VVG2AjxOfw"]},{"@type":"Person","@id":"https:\/\/www.buchinger-wilhelmi.com\/fr\/#\/schema\/person\/7a939850a619fa6f7562beac18cbf295","name":"Barbara Philipps"}]}},"_links":{"self":[{"href":"https:\/\/www.buchinger-wilhelmi.com\/fr\/wp-json\/wp\/v2\/posts\/68333"}],"collection":[{"href":"https:\/\/www.buchinger-wilhelmi.com\/fr\/wp-json\/wp\/v2\/posts"}],"about":[{"href":"https:\/\/www.buchinger-wilhelmi.com\/fr\/wp-json\/wp\/v2\/types\/post"}],"author":[{"embeddable":true,"href":"https:\/\/www.buchinger-wilhelmi.com\/fr\/wp-json\/wp\/v2\/users\/30"}],"replies":[{"embeddable":true,"href":"https:\/\/www.buchinger-wilhelmi.com\/fr\/wp-json\/wp\/v2\/comments?post=68333"}],"version-history":[{"count":5,"href":"https:\/\/www.buchinger-wilhelmi.com\/fr\/wp-json\/wp\/v2\/posts\/68333\/revisions"}],"predecessor-version":[{"id":68681,"href":"https:\/\/www.buchinger-wilhelmi.com\/fr\/wp-json\/wp\/v2\/posts\/68333\/revisions\/68681"}],"wp:featuredmedia":[{"embeddable":true,"href":"https:\/\/www.buchinger-wilhelmi.com\/fr\/wp-json\/wp\/v2\/media\/68242"}],"wp:attachment":[{"href":"https:\/\/www.buchinger-wilhelmi.com\/fr\/wp-json\/wp\/v2\/media?parent=68333"}],"wp:term":[{"taxonomy":"category","embeddable":true,"href":"https:\/\/www.buchinger-wilhelmi.com\/fr\/wp-json\/wp\/v2\/categories?post=68333"},{"taxonomy":"post_tag","embeddable":true,"href":"https:\/\/www.buchinger-wilhelmi.com\/fr\/wp-json\/wp\/v2\/tags?post=68333"}],"curies":[{"name":"wp","href":"https:\/\/api.w.org\/{rel}","templated":true}]}}